{"id":106321,"date":"2019-09-12T14:10:48","date_gmt":"2019-09-12T12:10:48","guid":{"rendered":"https:\/\/zjarr.tv\/?p=106321"},"modified":"2019-09-12T14:10:48","modified_gmt":"2019-09-12T12:10:48","slug":"meta-merr-garancine-e-suedise-per-mbeshtetjen-e-shtetit-te-se-drejtes","status":"publish","type":"post","link":"https:\/\/zjarr.tv\/en\/meta-merr-garancine-e-suedise-per-mbeshtetjen-e-shtetit-te-se-drejtes\/","title":{"rendered":"Meta merr garancin\u00eb e Suedis\u00eb p\u00ebr mb\u00ebshtetjen e shtetit t\u00eb s\u00eb drejt\u00ebs"},"content":{"rendered":"<p>Kreu i shtetit, Ilir Meta \u00ebsht\u00eb takuar n\u00eb presidenc\u00eb me ambasadoren e Suedis\u00eb n\u00eb Shqip\u00ebri, Elsa Hastad.<\/p>\n<p>N\u00eb nj\u00eb postim n\u00eb Facebook, Meta shkruan se mori garancin\u00eb e Hastad p\u00ebr mb\u00ebshtetjen e Suedis\u00eb forcimin e demokracis\u00eb dhe shtetit t\u00eb s\u00eb drejt\u00ebs n\u00eb Shqip\u00ebri.<\/p>\n<p><em>&#8220;I lumtur t\u00eb prisja sot n\u00eb nj\u00eb takim t\u00eb ve\u00e7ant\u00eb Ambasadoren e re t\u00eb Suedis\u00eb n\u00eb Shqip\u00ebri, Znj. Elsa Hastad, me rastin e paraqitjes s\u00eb letrave kredenciale, dhe t\u00eb merrja garancit\u00eb e saj p\u00ebr mb\u00ebshtetjen e Suedis\u00eb p\u00ebr forcimin e demokracis\u00eb, t\u00eb t\u00eb drejtave themelore t\u00eb njeriut dhe shtetit t\u00eb s\u00eb drejt\u00ebs n\u00eb Shqip\u00ebri,<\/em>&#8220;-shkroi Presidenti.<\/p>\n<p>&nbsp;<\/p>\n<p>&nbsp;<\/p>","protected":false},"excerpt":{"rendered":"<p>Kreu i shtetit, Ilir Meta \u00ebsht\u00eb takuar n\u00eb presidenc\u00eb me ambasadoren e Suedis\u00eb n\u00eb Shqip\u00ebri, Elsa Hastad. N\u00eb nj\u00eb postim n\u00eb Facebook, Meta shkruan se mori garancin\u00eb e Hastad p\u00ebr mb\u00ebshtetjen e Suedis\u00eb forcimin e demokracis\u00eb dhe shtetit t\u00eb s\u00eb drejt\u00ebs n\u00eb Shqip\u00ebri. &#8220;I lumtur t\u00eb prisja sot n\u00eb nj\u00eb takim t\u00eb ve\u00e7ant\u00eb Ambasadoren e [&hellip;]<\/p>\n","protected":false},"author":2013,"featured_media":106324,"comment_status":"open","ping_status":"closed","sticky":false,"template":"","format":"standard","meta":{"footnotes":""},"categories":[241,235],"tags":[],"class_list":{"0":"post-106321","1":"post","2":"type-post","3":"status-publish","4":"format-standard","5":"has-post-thumbnail","7":"category-aktualitet","8":"category-vendi"},"_links":{"self":[{"href":"https:\/\/zjarr.tv\/en\/wp-json\/wp\/v2\/posts\/106321","targetHints":{"allow":["GET"]}}],"collection":[{"href":"https:\/\/zjarr.tv\/en\/wp-json\/wp\/v2\/posts"}],"about":[{"href":"https:\/\/zjarr.tv\/en\/wp-json\/wp\/v2\/types\/post"}],"author":[{"embeddable":true,"href":"https:\/\/zjarr.tv\/en\/wp-json\/wp\/v2\/users\/2013"}],"replies":[{"embeddable":true,"href":"https:\/\/zjarr.tv\/en\/wp-json\/wp\/v2\/comments?post=106321"}],"version-history":[{"count":0,"href":"https:\/\/zjarr.tv\/en\/wp-json\/wp\/v2\/posts\/106321\/revisions"}],"wp:featuredmedia":[{"embeddable":true,"href":"https:\/\/zjarr.tv\/en\/wp-json\/wp\/v2\/media\/106324"}],"wp:attachment":[{"href":"https:\/\/zjarr.tv\/en\/wp-json\/wp\/v2\/media?parent=106321"}],"wp:term":[{"taxonomy":"category","embeddable":true,"href":"https:\/\/zjarr.tv\/en\/wp-json\/wp\/v2\/categories?post=106321"},{"taxonomy":"post_tag","embeddable":true,"href":"https:\/\/zjarr.tv\/en\/wp-json\/wp\/v2\/tags?post=106321"}],"curies":[{"name":"wp","href":"https:\/\/api.w.org\/{rel}","templated":true}]}}