{"id":106323,"date":"2019-09-12T15:16:27","date_gmt":"2019-09-12T13:16:27","guid":{"rendered":"https:\/\/zjarr.tv\/?p=106323"},"modified":"2019-09-12T15:16:27","modified_gmt":"2019-09-12T13:16:27","slug":"vellai-i-deputetes-kush-eshte-i-riu-qe-u-perplas-me-makine-te-blinduar","status":"publish","type":"post","link":"https:\/\/zjarr.tv\/en\/vellai-i-deputetes-kush-eshte-i-riu-qe-u-perplas-me-makine-te-blinduar\/","title":{"rendered":"V\u00ebllai i deputetes\/ Kush \u00ebsht\u00eb i riu q\u00eb u p\u00ebrplas me makin\u00eb t\u00eb blinduar"},"content":{"rendered":"<div id=\"rekl-3\">Eldi Dergjini, 34-vje\u00e7ari i aksidentuar mbr\u00ebmjen e s\u00eb m\u00ebrkur\u00ebs n\u00eb zon\u00ebn e Laprak\u00ebs pran\u00eb ish-rreth rrotullimit t\u00eb Shqiponj\u00ebs nuk \u00ebsht\u00eb nj\u00eb em\u00ebr i panjohur p\u00ebr policin\u00eb, nd\u00ebrkoh\u00eb q\u00eb \u00ebsht\u00eb edhe v\u00ebllai i nj\u00eb deputeteje t\u00eb hyr\u00eb s\u00eb fundmi n\u00eb Kuvendin e Shqip\u00ebris\u00eb.<\/div>\n<div class=\"readmore-text-here\">\n<p>D\u00ebrgjini \u00ebsht\u00eb v\u00ebllai i deputetes Ambra Borova, e cila ka hyr\u00eb n\u00eb Kuvend pas djegies s\u00eb mandateve nga deputet\u00ebt e LSI q\u00eb mor\u00ebn mandatin n\u00eb 2017.<\/p>\n<div id=\"rekl-28\"><\/div>\n<p>Eldi Borova nd\u00ebrroi mbiemrin n\u00eb Dergjini pas problemeve me drejt\u00ebsin\u00eb si n\u00eb Itali ku rezulton i arrestuar p\u00ebr narkotik\u00eb ashtu dhe n\u00eb Shqip\u00ebri p\u00ebr kund\u00ebrshtim t\u00eb punonj\u00ebsit t\u00eb rendit publik.<\/p>\n<div id=\"rekl-13\">\n<div id=\"__sap-ad-15\" class=\"__sap-ads __sap-html tracked\" data-title=\"Credins desktop 08\"><ins><\/p>\n<div id=\"beacon_67ea01f69e\"><img loading=\"lazy\" decoding=\"async\" src=\"https:\/\/ads1.medium.al\/www\/delivery\/lg.php?bannerid=373&amp;campaignid=48&amp;zoneid=182&amp;loc=https%3A%2F%2Fwww.syri.net%2Fkronike%2F279986%2Fvellai-i-deputetes-kush-eshte-i-riu-qe-u-perplas-me-makine-te-blinduar%2F&amp;referer=https%3A%2F%2Fwww.syri.net%2Flajme%2F&amp;cb=67ea01f69e\" alt=\"\" width=\"0\" height=\"0\" \/><\/div>\n<p><\/ins><\/div>\n<\/div>\n<p>34-vje\u00e7ari q\u00eb l\u00ebvizte m\u00eb nj\u00eb automjet \u2018Benz G-Class\u2019 t\u00eb blinduar dhe me targa ruse tha n\u00eb d\u00ebshmin\u00eb e tij se \u2018ka qen\u00eb duke ecur me makin\u00eb me nj\u00eb shpejt\u00ebsi normale kur e ka goditur nga pas nj\u00eb mjet tjet\u00ebr\u2019.<\/p>\n<p>\u2018Humba kontrollin dhe u p\u00ebrplasa me nj\u00eb bordur\u00eb dhe makina ime u batua n\u00eb rrug\u00eb. Nuk e pash\u00eb mjetin q\u00eb m\u00eb goditi. Pas aksidentit jam larguar n\u00eb k\u00ebmb\u00eb p\u00ebr pak metra dhe pastaj mora taksi dhe erdha n\u00eb spital\u2019, ka rr\u00ebfyer Dergjini.<\/p>\n<p>Policia e Tiran\u00ebs po heton intensivisht ngjarjen, nd\u00ebrsa m\u00ebsohet se makina e blinduar me targ\u00eb ruse H001CH 199 \u00ebsht\u00eb sjell\u00eb n\u00eb Drejtorin\u00eb e Tiran\u00ebs dhe i \u00ebsht\u00eb n\u00ebnshtruar nj\u00eb kontrolli t\u00eb imt\u00ebsish\u00ebm por nuk jan\u00eb gjetur sende t\u00eb paligjshme n\u00eb t\u00eb. I aksidentuari pretendon se makin\u00ebn e ka sjell\u00eb nga jasht\u00eb vendit dje nuk e ka pajisur ende me dokumentacion shqiptar.<\/p>\n<p>Pas aksidentit 34-vje\u00e7ari u largua nga vendi i ngjarjes, \u00e7ka b\u00ebri q\u00eb policia t\u00eb dyshonte se drejtuesi mund t\u00eb kishte probleme me drejt\u00ebsin\u00eb apo mjeti ishte i vjedhur.<\/p>\n<\/div>","protected":false},"excerpt":{"rendered":"<p>Eldi Dergjini, 34-vje\u00e7ari i aksidentuar mbr\u00ebmjen e s\u00eb m\u00ebrkur\u00ebs n\u00eb zon\u00ebn e Laprak\u00ebs pran\u00eb ish-rreth rrotullimit t\u00eb Shqiponj\u00ebs nuk \u00ebsht\u00eb nj\u00eb em\u00ebr i panjohur p\u00ebr policin\u00eb, nd\u00ebrkoh\u00eb q\u00eb \u00ebsht\u00eb edhe v\u00ebllai i nj\u00eb deputeteje t\u00eb hyr\u00eb s\u00eb fundmi n\u00eb Kuvendin e Shqip\u00ebris\u00eb. D\u00ebrgjini \u00ebsht\u00eb v\u00ebllai i deputetes Ambra Borova, e cila ka hyr\u00eb n\u00eb Kuvend [&hellip;]<\/p>\n","protected":false},"author":2013,"featured_media":106339,"comment_status":"open","ping_status":"closed","sticky":false,"template":"","format":"standard","meta":{"footnotes":""},"categories":[241,235],"tags":[],"class_list":{"0":"post-106323","1":"post","2":"type-post","3":"status-publish","4":"format-standard","5":"has-post-thumbnail","7":"category-aktualitet","8":"category-vendi"},"_links":{"self":[{"href":"https:\/\/zjarr.tv\/en\/wp-json\/wp\/v2\/posts\/106323","targetHints":{"allow":["GET"]}}],"collection":[{"href":"https:\/\/zjarr.tv\/en\/wp-json\/wp\/v2\/posts"}],"about":[{"href":"https:\/\/zjarr.tv\/en\/wp-json\/wp\/v2\/types\/post"}],"author":[{"embeddable":true,"href":"https:\/\/zjarr.tv\/en\/wp-json\/wp\/v2\/users\/2013"}],"replies":[{"embeddable":true,"href":"https:\/\/zjarr.tv\/en\/wp-json\/wp\/v2\/comments?post=106323"}],"version-history":[{"count":0,"href":"https:\/\/zjarr.tv\/en\/wp-json\/wp\/v2\/posts\/106323\/revisions"}],"wp:featuredmedia":[{"embeddable":true,"href":"https:\/\/zjarr.tv\/en\/wp-json\/wp\/v2\/media\/106339"}],"wp:attachment":[{"href":"https:\/\/zjarr.tv\/en\/wp-json\/wp\/v2\/media?parent=106323"}],"wp:term":[{"taxonomy":"category","embeddable":true,"href":"https:\/\/zjarr.tv\/en\/wp-json\/wp\/v2\/categories?post=106323"},{"taxonomy":"post_tag","embeddable":true,"href":"https:\/\/zjarr.tv\/en\/wp-json\/wp\/v2\/tags?post=106323"}],"curies":[{"name":"wp","href":"https:\/\/api.w.org\/{rel}","templated":true}]}}