{"id":106326,"date":"2019-09-12T14:19:47","date_gmt":"2019-09-12T12:19:47","guid":{"rendered":"https:\/\/zjarr.tv\/?p=106326"},"modified":"2019-09-12T14:19:47","modified_gmt":"2019-09-12T12:19:47","slug":"rama-nje-lajm-nga-praga-jo-vetem-mbeshtetje-totale-per-celjen-e-negociatave-por-edhe","status":"publish","type":"post","link":"https:\/\/zjarr.tv\/en\/rama-nje-lajm-nga-praga-jo-vetem-mbeshtetje-totale-per-celjen-e-negociatave-por-edhe\/","title":{"rendered":"Rama nj\u00eb lajm nga Praga: Jo vet\u00ebm mb\u00ebshtetje totale p\u00ebr \u00e7eljen e negociatave por edhe\u2026"},"content":{"rendered":"<p>Kryeministri Edi Rama merr pjes\u00eb n\u00eb Samitin e Vishegradit n\u00eb \u00c7eki nga ku jep edhe nj\u00eb lajm t\u00eb mir\u00eb p\u00ebr vendin dhe integrimin.<br \/>\nRama shkruan se jo vet\u00ebm ka marr\u00eb mb\u00ebshtetje totale nga vendet e V4 q\u00eb jan\u00eb Polonia, Hungaria, \u00c7ekia dhe Sllovakia p\u00ebr \u00e7eljen e negociatave por edhe nj\u00eb plan veprimi p\u00ebr t\u00eb realizuar k\u00ebt\u00eb objektiv.<\/p>\n<div id=\"pa_1x1_psbk_1568290675619\"><\/div>\n<p>\u201cN\u00eb Prag\u00eb me vendet e V4 (Polonia, Hungaria, \u00c7ekia, Sllovakia) dhe vendet e Ballkanit Per\u00ebndimor \u2013 Jo vet\u00ebm mb\u00ebshtetje totale nga V4 p\u00ebr \u00e7eljen e negociatave t\u00eb Shqip\u00ebris\u00eb e Maqedonis\u00eb s\u00eb Veriut me Bashkimin Europian, po edhe nj\u00eb plan veprimi p\u00ebr t\u00eb realizuar k\u00ebt\u00eb objektiv strategjik\ud83d\udc4d\u201d, shkruan kryeministri Rama i cili ndodhet n\u00eb samit bashk\u00eb me ministrin n\u00eb Detyr\u00eb p\u00ebr Evrop\u00ebn dhe Pun\u00ebt e Jashtme Gent Cakaj. Edhe k\u00ebsaj radhe kryeministri nuk i ka harruar atletet e bardha, nd\u00ebrsa shfaqet n\u00eb krah\u00eb me kryeministren serbe dhe lider\u00ebt e tjer\u00eb t\u00eb rajonit.<\/p>\n<div class=\"galery-slider\">\n<ul class=\"slides\">\n<li class=\"flex-slider-item\" data-thumb-alt=\"\"><a href=\"https:\/\/balkanweb.com\/wp-content\/uploads\/2019\/09\/Rama-ne-prage-2.jpg\" rel=\"lightbox\"><img decoding=\"async\" draggable=\"false\" src=\"https:\/\/balkanweb.com\/wp-content\/uploads\/2019\/09\/Rama-ne-prage-2.jpg\" alt=\"foto galeri \" \/><\/a><\/li>\n<li class=\"flex-slider-item\" data-thumb-alt=\"\"><a href=\"https:\/\/balkanweb.com\/wp-content\/uploads\/2019\/09\/Rama-ne-prage-4.jpg\" rel=\"lightbox\"><img decoding=\"async\" draggable=\"false\" src=\"https:\/\/balkanweb.com\/wp-content\/uploads\/2019\/09\/Rama-ne-prage-4.jpg\" alt=\"foto galeri \" \/><\/a><\/li>\n<li class=\"flex-slider-item\" data-thumb-alt=\"\"><a href=\"https:\/\/balkanweb.com\/wp-content\/uploads\/2019\/09\/Rama-ne-prage-5.jpg\" rel=\"lightbox\"><img decoding=\"async\" draggable=\"false\" src=\"https:\/\/balkanweb.com\/wp-content\/uploads\/2019\/09\/Rama-ne-prage-5.jpg\" alt=\"foto galeri \" \/><\/a><\/li>\n<li class=\"flex-slider-item\" data-thumb-alt=\"\"><a href=\"https:\/\/balkanweb.com\/wp-content\/uploads\/2019\/09\/Rama-ne-prage-1.jpg\" rel=\"lightbox\"><img decoding=\"async\" draggable=\"false\" src=\"https:\/\/balkanweb.com\/wp-content\/uploads\/2019\/09\/Rama-ne-prage-1.jpg\" alt=\"foto galeri \" \/><\/a><\/li>\n<li class=\"flex-slider-item\" data-thumb-alt=\"\"><a href=\"https:\/\/balkanweb.com\/wp-content\/uploads\/2019\/09\/Rama-fb-1.png\" rel=\"lightbox\"><img decoding=\"async\" draggable=\"false\" src=\"https:\/\/balkanweb.com\/wp-content\/uploads\/2019\/09\/Rama-fb-1.png\" alt=\"foto galeri \" \/><\/a><\/li>\n<\/ul>\n<\/div>\n<div class=\"new-tags-wrapper\"><\/div>","protected":false},"excerpt":{"rendered":"<p>Kryeministri Edi Rama merr pjes\u00eb n\u00eb Samitin e Vishegradit n\u00eb \u00c7eki nga ku jep edhe nj\u00eb lajm t\u00eb mir\u00eb p\u00ebr vendin dhe integrimin. Rama shkruan se jo vet\u00ebm ka marr\u00eb mb\u00ebshtetje totale nga vendet e V4 q\u00eb jan\u00eb Polonia, Hungaria, \u00c7ekia dhe Sllovakia p\u00ebr \u00e7eljen e negociatave por edhe nj\u00eb plan veprimi p\u00ebr t\u00eb realizuar [&hellip;]<\/p>\n","protected":false},"author":2013,"featured_media":106327,"comment_status":"open","ping_status":"closed","sticky":false,"template":"","format":"standard","meta":{"footnotes":""},"categories":[241,235],"tags":[],"class_list":{"0":"post-106326","1":"post","2":"type-post","3":"status-publish","4":"format-standard","5":"has-post-thumbnail","7":"category-aktualitet","8":"category-vendi"},"_links":{"self":[{"href":"https:\/\/zjarr.tv\/en\/wp-json\/wp\/v2\/posts\/106326","targetHints":{"allow":["GET"]}}],"collection":[{"href":"https:\/\/zjarr.tv\/en\/wp-json\/wp\/v2\/posts"}],"about":[{"href":"https:\/\/zjarr.tv\/en\/wp-json\/wp\/v2\/types\/post"}],"author":[{"embeddable":true,"href":"https:\/\/zjarr.tv\/en\/wp-json\/wp\/v2\/users\/2013"}],"replies":[{"embeddable":true,"href":"https:\/\/zjarr.tv\/en\/wp-json\/wp\/v2\/comments?post=106326"}],"version-history":[{"count":0,"href":"https:\/\/zjarr.tv\/en\/wp-json\/wp\/v2\/posts\/106326\/revisions"}],"wp:featuredmedia":[{"embeddable":true,"href":"https:\/\/zjarr.tv\/en\/wp-json\/wp\/v2\/media\/106327"}],"wp:attachment":[{"href":"https:\/\/zjarr.tv\/en\/wp-json\/wp\/v2\/media?parent=106326"}],"wp:term":[{"taxonomy":"category","embeddable":true,"href":"https:\/\/zjarr.tv\/en\/wp-json\/wp\/v2\/categories?post=106326"},{"taxonomy":"post_tag","embeddable":true,"href":"https:\/\/zjarr.tv\/en\/wp-json\/wp\/v2\/tags?post=106326"}],"curies":[{"name":"wp","href":"https:\/\/api.w.org\/{rel}","templated":true}]}}