{"id":106340,"date":"2019-09-12T15:32:17","date_gmt":"2019-09-12T13:32:17","guid":{"rendered":"https:\/\/zjarr.tv\/?p=106340"},"modified":"2019-09-12T15:32:17","modified_gmt":"2019-09-12T13:32:17","slug":"po-pres-te-degjoj-kush-do-e-digjte-kuvendin-spiropali-pasi-te-shkarkohet-meta-ne-krye-te-opozites","status":"publish","type":"post","link":"https:\/\/zjarr.tv\/en\/po-pres-te-degjoj-kush-do-e-digjte-kuvendin-spiropali-pasi-te-shkarkohet-meta-ne-krye-te-opozites\/","title":{"rendered":"\u201cPo pres t\u00eb d\u00ebgjoj kush do e digjte Kuvendin? Spiropali: Pasi t\u00eb shkarkohet, Meta n\u00eb krye t\u00eb opozit\u00ebs!"},"content":{"rendered":"<p>\u201cPresidenti kthen n\u00eb Kuvend \u00e7do ligj. Sulmon n\u00ebp\u00ebrmjet tastier\u00ebs s\u00eb tij dhe z\u00ebdh\u00ebn\u00ebsve qeverin\u00eb dhe parlamentin. Presidenca duhet ta dij\u00eb se kthimi i k\u00ebtyre ligjeve \u00ebsht\u00eb n\u00eb kund\u00ebrshtim me interesin publik. Rezervat materiale, jan\u00eb vet\u00ebm t\u00eb grupit A tek gruri dhe materialet e thjeshta, nuk e di pse Met\u00ebs i shkon mendja menj\u00ebher\u00eb tek floriri, por k\u00ebt\u00eb le ta shpjegoj\u00eb Frojdi jo ne. Nevoja e ndryshimit t\u00eb k\u00ebtij ligji vjen nga eksperiencat e m\u00ebparshme. Gjat\u00eb koh\u00ebs s\u00eb emergjencave kemi pasur nj\u00eb vones\u00eb t\u00eb l\u00ebvrimit t\u00eb mallrave.<\/p>\n<div id=\"sovrn\" class=\"desktop_ad ad_bottom_space\"><ins><\/p>\n<div id=\"beacon_7b1c84ae4d\"><img loading=\"lazy\" decoding=\"async\" src=\"https:\/\/ads.balkanweb.com\/www\/delivery\/lg.php?bannerid=0&amp;campaignid=0&amp;zoneid=426&amp;loc=https%3A%2F%2Fbalkanweb.com%2Fpo-pres-te-degjoj-kush-do-e-digjte-kuvendin-spiropali-pasi-te-shkarkohet-meta-krye-te-opozites%2F&amp;referer=https%3A%2F%2Fbalkanweb.com%2Fkategoria%2Fshqiperia%2F&amp;cb=7b1c84ae4d\" alt=\"\" width=\"0\" height=\"0\" \/><\/div>\n<p><\/ins><\/div>\n<p>Nuk ka rrezik p\u00ebr qamet financiar, se qamet fizik p\u00ebrmes t\u00ebrmetit nuk ndodhi, por edhe p\u00ebr k\u00ebt\u00eb presidenti t\u00eb jet\u00eb sigurt q\u00eb nuk do t\u00eb ndodh\u00eb. Si qinigj u fsheh nga drejt\u00ebsia pas cjapit legjendar t\u00eb PD-s\u00eb p\u00ebr nj\u00eb rrug\u00eb q\u00eb i kishte e zeza me t\u00eb bardh\u00eb abuzimet, por shp\u00ebtoi me nj\u00eb raport mjek\u00ebsor. Q\u00eb presidenti t\u00eb kthej\u00eb n\u00eb dekrete p\u00ebrvuajtjet hipokrite t\u00eb opozit\u00ebs s\u00eb rrug\u00ebs nuk i kishim menduar. Por ata nuk po ia din\u00eb mundin q\u00eb Presidenti po b\u00ebn. Po presim t\u00eb d\u00ebgjojm\u00eb kush do ta digjte parlamentin? D\u00ebshtuan dhe vijojn\u00eb q\u00eb t\u00eb d\u00ebshtojn\u00eb, pasi nuk kan\u00eb asnj\u00eb alternativ\u00eb. Komisioni Hetimor nuk do t\u00eb sh\u00ebrbej\u00eb si mekaniz\u00ebm nd\u00ebshkues p\u00ebr Presidentin, por si \u00e7lirues p\u00ebr Ilir Met\u00ebn p\u00ebr t\u2019u kthyer n\u00eb krye t\u00eb opozit\u00ebs\u201d\u00a0tha nder te tjera Spiropali.<\/p>\n<div id=\"pa_1x1_psbk_1568295082441\"><\/div>","protected":false},"excerpt":{"rendered":"<p>\u201cPresidenti kthen n\u00eb Kuvend \u00e7do ligj. Sulmon n\u00ebp\u00ebrmjet tastier\u00ebs s\u00eb tij dhe z\u00ebdh\u00ebn\u00ebsve qeverin\u00eb dhe parlamentin. Presidenca duhet ta dij\u00eb se kthimi i k\u00ebtyre ligjeve \u00ebsht\u00eb n\u00eb kund\u00ebrshtim me interesin publik. Rezervat materiale, jan\u00eb vet\u00ebm t\u00eb grupit A tek gruri dhe materialet e thjeshta, nuk e di pse Met\u00ebs i shkon mendja menj\u00ebher\u00eb tek floriri, [&hellip;]<\/p>\n","protected":false},"author":2013,"featured_media":64410,"comment_status":"open","ping_status":"closed","sticky":false,"template":"","format":"standard","meta":{"footnotes":""},"categories":[241,235],"tags":[],"class_list":{"0":"post-106340","1":"post","2":"type-post","3":"status-publish","4":"format-standard","5":"has-post-thumbnail","7":"category-aktualitet","8":"category-vendi"},"_links":{"self":[{"href":"https:\/\/zjarr.tv\/en\/wp-json\/wp\/v2\/posts\/106340","targetHints":{"allow":["GET"]}}],"collection":[{"href":"https:\/\/zjarr.tv\/en\/wp-json\/wp\/v2\/posts"}],"about":[{"href":"https:\/\/zjarr.tv\/en\/wp-json\/wp\/v2\/types\/post"}],"author":[{"embeddable":true,"href":"https:\/\/zjarr.tv\/en\/wp-json\/wp\/v2\/users\/2013"}],"replies":[{"embeddable":true,"href":"https:\/\/zjarr.tv\/en\/wp-json\/wp\/v2\/comments?post=106340"}],"version-history":[{"count":0,"href":"https:\/\/zjarr.tv\/en\/wp-json\/wp\/v2\/posts\/106340\/revisions"}],"wp:featuredmedia":[{"embeddable":true,"href":"https:\/\/zjarr.tv\/en\/wp-json\/wp\/v2\/media\/64410"}],"wp:attachment":[{"href":"https:\/\/zjarr.tv\/en\/wp-json\/wp\/v2\/media?parent=106340"}],"wp:term":[{"taxonomy":"category","embeddable":true,"href":"https:\/\/zjarr.tv\/en\/wp-json\/wp\/v2\/categories?post=106340"},{"taxonomy":"post_tag","embeddable":true,"href":"https:\/\/zjarr.tv\/en\/wp-json\/wp\/v2\/tags?post=106340"}],"curies":[{"name":"wp","href":"https:\/\/api.w.org\/{rel}","templated":true}]}}