{"id":106342,"date":"2019-09-12T15:31:00","date_gmt":"2019-09-12T13:31:00","guid":{"rendered":"https:\/\/zjarr.tv\/?p=106342"},"modified":"2019-09-12T15:31:00","modified_gmt":"2019-09-12T13:31:00","slug":"aksident-ne-tirane-bllokohen-ne-makine-tre-persona","status":"publish","type":"post","link":"https:\/\/zjarr.tv\/en\/aksident-ne-tirane-bllokohen-ne-makine-tre-persona\/","title":{"rendered":"Aksident n\u00eb Tiran\u00eb, bllokohen n\u00eb makin\u00eb tre persona"},"content":{"rendered":"<div class=\"readmore-text-here\">\n<p>Nj\u00eb aksident ka ndodhur mesdit\u00ebn e sotme n\u00eb zon\u00ebn e Paskuqanit n\u00eb kryeqytet. M\u00ebsohet n\u00eb aksident jan\u00eb p\u00ebrfshir\u00eb dy automjete. Si pasoj\u00eb, tre persona q\u00eb ndodheshin nj\u00eb nj\u00ebrin prej automjeteve, kan\u00eb mbetur t\u00eb bllokuar. Ata jan\u00eb nxjerr\u00eb nga zjarrfik\u00ebsit dhe jan\u00eb transportuar me urgjenc\u00eb n\u00eb spital ku m\u00ebsohet se ndodhen jasht\u00eb rrezikut p\u00ebr jet\u00ebn.<\/p>\n<p><strong>Njoftimi i policis\u00eb<\/strong><\/p>\n<p>Tiran\u00eb\/Informacion Paraprak<\/p>\n<div id=\"rekl-13\">\n<div id=\"__sap-ad-15\" class=\"__sap-ads __sap-html tracked\" data-title=\"Credins desktop 08\"><\/div>\n<\/div>\n<p>Rreth or\u00ebs 13:30 n\u00eb Paskuqan jan\u00eb p\u00ebrplasur dy automjete.<\/p>\n<p>Si pasoj\u00eb e p\u00ebrplasjes jan\u00eb d\u00ebmtuar jasht\u00eb rrezikut p\u00ebr jet\u00ebn 3 nga shtetasit q\u00eb ndodheshin t\u00eb bllokuar n\u00eb nj\u00ebrin nga automjetet, A. LL, A. K, G. K, si dhe drejtuesi i nj\u00ebrit nga automjetet shtetasi E. T t\u00eb cil\u00ebt u d\u00ebrguan n\u00eb spital p\u00ebr ndihm\u00eb mjeksore.<\/p>\n<p>Grupi hetimor po vijon pun\u00ebn p\u00ebr swarimin e rrethanave t\u00eb ngjarjes dhe shkakut t\u00eb aksidentit.<\/p>\n<\/div>\n<div id=\"rekl-33\"><\/div>","protected":false},"excerpt":{"rendered":"<p>Nj\u00eb aksident ka ndodhur mesdit\u00ebn e sotme n\u00eb zon\u00ebn e Paskuqanit n\u00eb kryeqytet. M\u00ebsohet n\u00eb aksident jan\u00eb p\u00ebrfshir\u00eb dy automjete. Si pasoj\u00eb, tre persona q\u00eb ndodheshin nj\u00eb nj\u00ebrin prej automjeteve, kan\u00eb mbetur t\u00eb bllokuar. Ata jan\u00eb nxjerr\u00eb nga zjarrfik\u00ebsit dhe jan\u00eb transportuar me urgjenc\u00eb n\u00eb spital ku m\u00ebsohet se ndodhen jasht\u00eb rrezikut p\u00ebr jet\u00ebn. Njoftimi [&hellip;]<\/p>\n","protected":false},"author":2013,"featured_media":38161,"comment_status":"open","ping_status":"closed","sticky":false,"template":"","format":"standard","meta":{"footnotes":""},"categories":[241,235],"tags":[],"class_list":{"0":"post-106342","1":"post","2":"type-post","3":"status-publish","4":"format-standard","5":"has-post-thumbnail","7":"category-aktualitet","8":"category-vendi"},"_links":{"self":[{"href":"https:\/\/zjarr.tv\/en\/wp-json\/wp\/v2\/posts\/106342","targetHints":{"allow":["GET"]}}],"collection":[{"href":"https:\/\/zjarr.tv\/en\/wp-json\/wp\/v2\/posts"}],"about":[{"href":"https:\/\/zjarr.tv\/en\/wp-json\/wp\/v2\/types\/post"}],"author":[{"embeddable":true,"href":"https:\/\/zjarr.tv\/en\/wp-json\/wp\/v2\/users\/2013"}],"replies":[{"embeddable":true,"href":"https:\/\/zjarr.tv\/en\/wp-json\/wp\/v2\/comments?post=106342"}],"version-history":[{"count":0,"href":"https:\/\/zjarr.tv\/en\/wp-json\/wp\/v2\/posts\/106342\/revisions"}],"wp:featuredmedia":[{"embeddable":true,"href":"https:\/\/zjarr.tv\/en\/wp-json\/wp\/v2\/media\/38161"}],"wp:attachment":[{"href":"https:\/\/zjarr.tv\/en\/wp-json\/wp\/v2\/media?parent=106342"}],"wp:term":[{"taxonomy":"category","embeddable":true,"href":"https:\/\/zjarr.tv\/en\/wp-json\/wp\/v2\/categories?post=106342"},{"taxonomy":"post_tag","embeddable":true,"href":"https:\/\/zjarr.tv\/en\/wp-json\/wp\/v2\/tags?post=106342"}],"curies":[{"name":"wp","href":"https:\/\/api.w.org\/{rel}","templated":true}]}}