{"id":106456,"date":"2019-09-12T17:09:33","date_gmt":"2019-09-12T15:09:33","guid":{"rendered":"https:\/\/zjarr.tv\/?p=106456"},"modified":"2019-09-12T17:09:33","modified_gmt":"2019-09-12T15:09:33","slug":"kemi-nevoje-per-nderkombetaret-opozita-te-kerkoje-dialog-me-maxhorancen","status":"publish","type":"post","link":"https:\/\/zjarr.tv\/en\/kemi-nevoje-per-nderkombetaret-opozita-te-kerkoje-dialog-me-maxhorancen\/","title":{"rendered":"\u2018Kemi nevoj\u00eb p\u00ebr nd\u00ebrkomb\u00ebtar\u00ebt, opozita t\u00eb k\u00ebrkoj\u00eb dialog me maxhoranc\u00ebn\u2019"},"content":{"rendered":"<p>Kreu i Partis\u00eb Republikane, Fatmir Mediu, n\u00eb nj\u00eb intervist\u00eb p\u00ebr Report Tv, tha se opozita duhet t\u00eb filloj\u00eb dialogun me maxhoranc\u00ebn, por edhe me faktorin nd\u00ebrkomb\u00ebtar p\u00ebr t\u00eb zgjidhur kriz\u00ebn e r\u00ebnd\u00eb politike q\u00eb ka p\u00ebrfshir\u00eb vendin.<\/p>\n<p>&#8220;Opozita duhet t\u00eb k\u00ebrkoj\u00eb dialog\u00eb me mazhoranc\u00ebn. &#8220;Rama ik&#8221; patjet\u00ebr, sepse \u00ebsht\u00eb simbol i s\u00eb keqes. E lidhim politik\u00ebn thjesht me individ. P\u00ebrgjegj\u00ebsia ka nj\u00eb hierarki, asnj\u00ebri nuk \u00ebsht\u00eb i imunizuar nga e keqja. K\u00ebta kan\u00eb nj\u00eb p\u00ebrgjegj\u00ebsi m\u00eb t\u00eb madhe se personat e tjer\u00eb. N\u00eb Shqip\u00ebri, pushteti nuk \u00ebsht\u00eb m\u00eb institucional, por i lider\u00ebve partiak. Institucioni i opozit\u00ebs duhet t\u00eb ulet me institucionin e mazhoranc\u00ebs, me faktorin nd\u00ebrkomb\u00ebtar. Historia ka treguar q\u00eb n\u00eb momente t\u00eb v\u00ebshtira \u00ebsht\u00eb gjendur zgjidhje. Duhet ta mendojm\u00eb m\u00eb afatgjat\u00eb zgjidhjen. Kemi nevoj\u00eb p\u00ebr partner\u00ebt nd\u00ebrkomb\u00ebtar\u00eb, se \u00e7far\u00eb b\u00ebjm\u00eb ne jan\u00eb edhe k\u00ebrkesa t\u00eb tyre. N\u00eb k\u00ebt\u00eb pik\u00ebpamje, Komisioni Europian,\u00a0 SHBA dhe OSBE-ODIHR kan\u00eb shpallur interes p\u00ebr dialog, por nuk mund t\u00eb vijn\u00eb kur ne sot jemi pjes\u00eb e nj\u00eb sherri. Nuk heq dor\u00eb se sa m\u00eb shpejt t\u00eb largohet Rama, aq m\u00eb mir\u00eb, por s&#8217;e kam n\u00eb dor\u00eb. Un\u00eb duhet t\u00eb shikoj\u00eb interesin e vendin. N\u00ebse opozita do marr\u00ebdh\u00ebnie me qytetar\u00ebt dhe nd\u00ebrkomb\u00ebtareve duhet t\u00eb l\u00ebr\u00eb indinjat\u00ebn&#8221;, tha Mediu n\u00eb Report Tv.<\/p>","protected":false},"excerpt":{"rendered":"<p>Kreu i Partis\u00eb Republikane, Fatmir Mediu, n\u00eb nj\u00eb intervist\u00eb p\u00ebr Report Tv, tha se opozita duhet t\u00eb filloj\u00eb dialogun me maxhoranc\u00ebn, por edhe me faktorin nd\u00ebrkomb\u00ebtar p\u00ebr t\u00eb zgjidhur kriz\u00ebn e r\u00ebnd\u00eb politike q\u00eb ka p\u00ebrfshir\u00eb vendin. &#8220;Opozita duhet t\u00eb k\u00ebrkoj\u00eb dialog\u00eb me mazhoranc\u00ebn. &#8220;Rama ik&#8221; patjet\u00ebr, sepse \u00ebsht\u00eb simbol i s\u00eb keqes. E lidhim [&hellip;]<\/p>\n","protected":false},"author":2013,"featured_media":89179,"comment_status":"open","ping_status":"closed","sticky":false,"template":"","format":"standard","meta":{"footnotes":""},"categories":[241,235],"tags":[],"class_list":{"0":"post-106456","1":"post","2":"type-post","3":"status-publish","4":"format-standard","5":"has-post-thumbnail","7":"category-aktualitet","8":"category-vendi"},"_links":{"self":[{"href":"https:\/\/zjarr.tv\/en\/wp-json\/wp\/v2\/posts\/106456","targetHints":{"allow":["GET"]}}],"collection":[{"href":"https:\/\/zjarr.tv\/en\/wp-json\/wp\/v2\/posts"}],"about":[{"href":"https:\/\/zjarr.tv\/en\/wp-json\/wp\/v2\/types\/post"}],"author":[{"embeddable":true,"href":"https:\/\/zjarr.tv\/en\/wp-json\/wp\/v2\/users\/2013"}],"replies":[{"embeddable":true,"href":"https:\/\/zjarr.tv\/en\/wp-json\/wp\/v2\/comments?post=106456"}],"version-history":[{"count":0,"href":"https:\/\/zjarr.tv\/en\/wp-json\/wp\/v2\/posts\/106456\/revisions"}],"wp:featuredmedia":[{"embeddable":true,"href":"https:\/\/zjarr.tv\/en\/wp-json\/wp\/v2\/media\/89179"}],"wp:attachment":[{"href":"https:\/\/zjarr.tv\/en\/wp-json\/wp\/v2\/media?parent=106456"}],"wp:term":[{"taxonomy":"category","embeddable":true,"href":"https:\/\/zjarr.tv\/en\/wp-json\/wp\/v2\/categories?post=106456"},{"taxonomy":"post_tag","embeddable":true,"href":"https:\/\/zjarr.tv\/en\/wp-json\/wp\/v2\/tags?post=106456"}],"curies":[{"name":"wp","href":"https:\/\/api.w.org\/{rel}","templated":true}]}}