{"id":106509,"date":"2019-09-13T13:41:09","date_gmt":"2019-09-13T11:41:09","guid":{"rendered":"https:\/\/zjarr.tv\/?p=106509"},"modified":"2019-09-13T13:41:09","modified_gmt":"2019-09-13T11:41:09","slug":"kallezohet-penalisht-ish-kryebashkiakja-e-prrenjasit","status":"publish","type":"post","link":"https:\/\/zjarr.tv\/en\/kallezohet-penalisht-ish-kryebashkiakja-e-prrenjasit\/","title":{"rendered":"Kall\u00ebzohet penalisht ish-kryebashkiakja e Prrenjasit"},"content":{"rendered":"<p>\u00cbsht\u00eb kall\u00ebzuar penalisht ish-kryetarja e Bashkis\u00eb Prrenjas nga radh\u00ebt e LSI-s\u00eb, Miranda Rira.<\/p>\n<p>Kall\u00ebzimi ndaj saj \u00ebsht\u00eb depozituar nga kryetari aktual i Bashkis\u00eb s\u00eb Prrenjasit, Nuri Belba, nd\u00ebrsa akuza q\u00eb r\u00ebndon mbi t\u00eb \u00ebsht\u00eb ajo e shp\u00ebrdorimit t\u00eb detyr\u00ebs.<\/p>\n<div id=\"rekl-28\"><\/div>\n<p>\u201cUn\u00eb, Nuri Belba n\u00eb cil\u00ebsin\u00eb e kryetarit t\u00eb Bashkis\u00eb Prrenjas bazuar n\u00eb nenin 248 t\u00eb Kodit Penal, parashtroj k\u00ebt\u00eb kall\u00ebzim penal p\u00ebr ish-kryetaren e Bashkis\u00eb Prrenjas znj. Miranda Rira, p\u00ebr vepr\u00ebn penale \u201cShp\u00ebrdorimi i detyr\u00ebs\u201d, duke parashtruar rrethanat e fakteve konkrete ku bazohet kall\u00ebzimi si dhe dispozitat ligjore penale t\u00eb c\u00ebnuara\u201d, thuhet mes t\u00eb tjerave n\u00eb dokument.<\/p>\n<p>Tenderi p\u00ebr t\u00eb cil\u00ebn akuzohet Rira \u00ebsht\u00eb ajo p\u00ebr fush\u00ebn e sportit t\u00eb qytetit, q\u00eb sipas Belb\u00ebs \u00ebsht\u00eb b\u00ebr\u00eb n\u00eb shkelje t\u00eb ligjit.<\/p>\n<p><img decoding=\"async\" src=\"https:\/\/www.syri.net\/uploads\/syri.net\/images\/2019\/September\/13\/auto_kallezimi-768x10241568374262.jpg\" alt=\"Image\" \/><\/p>","protected":false},"excerpt":{"rendered":"<p>\u00cbsht\u00eb kall\u00ebzuar penalisht ish-kryetarja e Bashkis\u00eb Prrenjas nga radh\u00ebt e LSI-s\u00eb, Miranda Rira. Kall\u00ebzimi ndaj saj \u00ebsht\u00eb depozituar nga kryetari aktual i Bashkis\u00eb s\u00eb Prrenjasit, Nuri Belba, nd\u00ebrsa akuza q\u00eb r\u00ebndon mbi t\u00eb \u00ebsht\u00eb ajo e shp\u00ebrdorimit t\u00eb detyr\u00ebs. \u201cUn\u00eb, Nuri Belba n\u00eb cil\u00ebsin\u00eb e kryetarit t\u00eb Bashkis\u00eb Prrenjas bazuar n\u00eb nenin 248 t\u00eb Kodit [&hellip;]<\/p>\n","protected":false},"author":2013,"featured_media":106511,"comment_status":"open","ping_status":"closed","sticky":false,"template":"","format":"standard","meta":{"footnotes":""},"categories":[241,235],"tags":[],"class_list":{"0":"post-106509","1":"post","2":"type-post","3":"status-publish","4":"format-standard","5":"has-post-thumbnail","7":"category-aktualitet","8":"category-vendi"},"_links":{"self":[{"href":"https:\/\/zjarr.tv\/en\/wp-json\/wp\/v2\/posts\/106509","targetHints":{"allow":["GET"]}}],"collection":[{"href":"https:\/\/zjarr.tv\/en\/wp-json\/wp\/v2\/posts"}],"about":[{"href":"https:\/\/zjarr.tv\/en\/wp-json\/wp\/v2\/types\/post"}],"author":[{"embeddable":true,"href":"https:\/\/zjarr.tv\/en\/wp-json\/wp\/v2\/users\/2013"}],"replies":[{"embeddable":true,"href":"https:\/\/zjarr.tv\/en\/wp-json\/wp\/v2\/comments?post=106509"}],"version-history":[{"count":0,"href":"https:\/\/zjarr.tv\/en\/wp-json\/wp\/v2\/posts\/106509\/revisions"}],"wp:featuredmedia":[{"embeddable":true,"href":"https:\/\/zjarr.tv\/en\/wp-json\/wp\/v2\/media\/106511"}],"wp:attachment":[{"href":"https:\/\/zjarr.tv\/en\/wp-json\/wp\/v2\/media?parent=106509"}],"wp:term":[{"taxonomy":"category","embeddable":true,"href":"https:\/\/zjarr.tv\/en\/wp-json\/wp\/v2\/categories?post=106509"},{"taxonomy":"post_tag","embeddable":true,"href":"https:\/\/zjarr.tv\/en\/wp-json\/wp\/v2\/tags?post=106509"}],"curies":[{"name":"wp","href":"https:\/\/api.w.org\/{rel}","templated":true}]}}