{"id":106534,"date":"2019-09-13T14:31:14","date_gmt":"2019-09-13T12:31:14","guid":{"rendered":"https:\/\/zjarr.tv\/?p=106534"},"modified":"2019-09-13T14:31:14","modified_gmt":"2019-09-13T12:31:14","slug":"merkel-asnje-premtim-kancelaria-rames-e-mbeshtetem-berishen-per-ne-nato","status":"publish","type":"post","link":"https:\/\/zjarr.tv\/en\/merkel-asnje-premtim-kancelaria-rames-e-mbeshtetem-berishen-per-ne-nato\/","title":{"rendered":"Merkel asnj\u00eb premtim\/ Kancelaria, Ram\u00ebs: E mb\u00ebshtet\u00ebm Berish\u00ebn p\u00ebr n\u00eb NATO"},"content":{"rendered":"<p>Kancelaria Gjermane ka reaguar me nj\u00eb njoftim p\u00ebr mediat n\u00eb faqen zyrtare n\u00eb lidhje me takimin e zhvilluar nga Angela Merkel me Edi Ram\u00ebn.<\/p>\n<p>N\u00eb njoftim nuk shkruhet asgj\u00eb p\u00ebr ndonj\u00eb premtim q\u00eb i \u00ebsht\u00eb dh\u00ebn\u00eb Ram\u00ebs p\u00ebr hapjen e negociatave.<\/p>\n<p>N\u00eb fakt n\u00eb njoftimin p\u00ebr mediat, vihet m\u00eb shum\u00eb theksi tek fakti se Gjermania ka mb\u00ebshtetur Shqip\u00ebrin\u00eb n\u00eb vitin 2009 p\u00ebr an\u00ebtar\u00ebsimin n\u00eb NATO dhe do t\u00eb vazhdoj\u00eb t\u00eb mb\u00ebshtes\u00eb vendin ballkanik n\u00eb rrug\u00ebn drejt BE-s\u00eb.<\/p>\n<p>N\u00eb njoftim thuhet se vendimin p\u00ebrfundimtar p\u00ebr vot\u00ebn gjermane p\u00ebr negociatat e Shqip\u00ebris\u00eb do ta marr\u00eb Bundestagu n\u00eb fund t\u00eb muajit shtator.<\/p>\n<p>Gjermania b\u00ebn thirrje p\u00ebr forcimi e demokracis\u00eb dhe sundimit t\u00eb ligjit n\u00eb Shqip\u00ebri.<\/p>\n<p>Njoftimi i Kancelaris\u00eb Gjermane p\u00ebr takimin Merkel-Rama:<\/p>\n<p>55-vje\u00e7ari Rama \u00ebsht\u00eb Kryeminist\u00ebr i Shqip\u00ebris\u00eb q\u00eb nga 10 shtatori 2013 dhe u prit nga kancelarja gjermane Angela Merkel me nderime ushtarake.<\/p>\n<p>Negociatat e an\u00ebtar\u00ebsimit n\u00eb BE<\/p>\n<p>N\u00eb fund t\u00eb shtatorit, Bundestagu do t\u00eb vendos\u00eb n\u00ebse Kancelarja Angela Merkel do t\u00eb marr\u00eb ok-ej p\u00ebr hapjen e negociatave t\u00eb an\u00ebtar\u00ebsimit t\u00eb Shqip\u00ebris\u00eb n\u00eb BE, n\u00eb samitin e BE-s\u00eb q\u00eb do t\u00eb zhvillohet n\u00eb mes t\u00eb tetorit.<\/p>\n<p>Forcimi i demokracis\u00eb dhe sundimit t\u00eb ligjit n\u00eb Shqip\u00ebri<\/p>\n<p>Gjermania mb\u00ebshteti an\u00ebtar\u00ebsimin e Shqip\u00ebris\u00eb n\u00eb NATO n\u00eb 2009, dhe mb\u00ebshtet pranimin e shtetit Ballkanik n\u00eb Bashkimin Europian. Gjat\u00eb Konferenc\u00ebs s\u00eb Ballkanit Per\u00ebndimor n\u00eb Posen, m\u00eb 5 korrik 2019, Kancelarja pranoi se pavar\u00ebsisht v\u00ebshtir\u00ebsive politike, kishte p\u00ebrparim t\u00eb r\u00ebnd\u00ebsish\u00ebm n\u00eb t\u00eb gjith\u00eb rajonin.<\/p>\n<p>Shqip\u00ebria ka qen\u00eb p\u00ebr shum\u00eb vite vendi i bashk\u00ebpunimit me Gjermanin\u00eb p\u00ebr zhvillimin. Gjermania ka nj\u00eb interes t\u00eb fort\u00eb p\u00ebr t\u00eb kontribuar n\u00eb kushte t\u00eb q\u00ebndrueshme, demokratike dhe kushtetuese n\u00eb Shqip\u00ebri duke mb\u00ebshtetur procesin e transformimit.<\/p>\n<p>M\u00eb par\u00eb, Rama ishte n\u00eb prill 2018 i ftuar n\u00eb Kancelarin\u00eb Federale p\u00ebr t\u00eb diskutuar me kancelaren Merkel, nd\u00ebr t\u00eb tjera edhe afrimin e Shqip\u00ebris\u00eb n\u00eb BE. Gjithashtu gjat\u00eb nj\u00eb takimi t\u00eb Ballkanit Per\u00ebndimor n\u00eb Prill 2019 n\u00eb Kancelarin\u00eb Federale u zhvillua nj\u00eb diskutim dypal\u00ebsh midis dy krer\u00ebve t\u00eb qeverive.<\/p>","protected":false},"excerpt":{"rendered":"<p>Kancelaria Gjermane ka reaguar me nj\u00eb njoftim p\u00ebr mediat n\u00eb faqen zyrtare n\u00eb lidhje me takimin e zhvilluar nga Angela Merkel me Edi Ram\u00ebn. N\u00eb njoftim nuk shkruhet asgj\u00eb p\u00ebr ndonj\u00eb premtim q\u00eb i \u00ebsht\u00eb dh\u00ebn\u00eb Ram\u00ebs p\u00ebr hapjen e negociatave. N\u00eb fakt n\u00eb njoftimin p\u00ebr mediat, vihet m\u00eb shum\u00eb theksi tek fakti se Gjermania [&hellip;]<\/p>\n","protected":false},"author":2013,"featured_media":106536,"comment_status":"open","ping_status":"closed","sticky":false,"template":"","format":"standard","meta":{"footnotes":""},"categories":[241,235],"tags":[],"class_list":{"0":"post-106534","1":"post","2":"type-post","3":"status-publish","4":"format-standard","5":"has-post-thumbnail","7":"category-aktualitet","8":"category-vendi"},"_links":{"self":[{"href":"https:\/\/zjarr.tv\/en\/wp-json\/wp\/v2\/posts\/106534","targetHints":{"allow":["GET"]}}],"collection":[{"href":"https:\/\/zjarr.tv\/en\/wp-json\/wp\/v2\/posts"}],"about":[{"href":"https:\/\/zjarr.tv\/en\/wp-json\/wp\/v2\/types\/post"}],"author":[{"embeddable":true,"href":"https:\/\/zjarr.tv\/en\/wp-json\/wp\/v2\/users\/2013"}],"replies":[{"embeddable":true,"href":"https:\/\/zjarr.tv\/en\/wp-json\/wp\/v2\/comments?post=106534"}],"version-history":[{"count":0,"href":"https:\/\/zjarr.tv\/en\/wp-json\/wp\/v2\/posts\/106534\/revisions"}],"wp:featuredmedia":[{"embeddable":true,"href":"https:\/\/zjarr.tv\/en\/wp-json\/wp\/v2\/media\/106536"}],"wp:attachment":[{"href":"https:\/\/zjarr.tv\/en\/wp-json\/wp\/v2\/media?parent=106534"}],"wp:term":[{"taxonomy":"category","embeddable":true,"href":"https:\/\/zjarr.tv\/en\/wp-json\/wp\/v2\/categories?post=106534"},{"taxonomy":"post_tag","embeddable":true,"href":"https:\/\/zjarr.tv\/en\/wp-json\/wp\/v2\/tags?post=106534"}],"curies":[{"name":"wp","href":"https:\/\/api.w.org\/{rel}","templated":true}]}}