{"id":106538,"date":"2019-09-13T15:08:42","date_gmt":"2019-09-13T13:08:42","guid":{"rendered":"https:\/\/zjarr.tv\/?p=106538"},"modified":"2019-09-13T15:08:42","modified_gmt":"2019-09-13T13:08:42","slug":"rama-takon-kryeparlamentarin-gjerman-ne-bundestag-me-nje-mik-te-nderuar","status":"publish","type":"post","link":"https:\/\/zjarr.tv\/en\/rama-takon-kryeparlamentarin-gjerman-ne-bundestag-me-nje-mik-te-nderuar\/","title":{"rendered":"Rama takon kryeparlamentarin gjerman: N\u00eb Bundestag me nj\u00eb mik t\u00eb nderuar"},"content":{"rendered":"<p>Kryeministri Edi Rama ndodhet n\u00eb Gjermani ku ka pasur disa takime me lider\u00ebt kryesor\u00eb dhe nj\u00eb seanc\u00eb n\u00eb Bundestag me deputet\u00ebt e CDU\/CSU p\u00ebr t\u00eb k\u00ebrkuar p\u00ebrgjigjen pozitive p\u00ebr hapjen e negociatave me BE-n\u00eb p\u00ebr Shqip\u00ebrin\u00eb.<\/p>\n<div id=\"sovrn\" class=\"desktop_ad ad_bottom_space\"><ins><\/p>\n<div id=\"beacon_885112b259\"><img loading=\"lazy\" decoding=\"async\" src=\"https:\/\/ads.balkanweb.com\/www\/delivery\/lg.php?bannerid=0&amp;campaignid=0&amp;zoneid=426&amp;loc=https%3A%2F%2Fbalkanweb.com%2Fvideo-rama-takon-kryeparlamentarin-gjerman-ne-bundestag-me-nje-mik-te-nderuar%2F&amp;referer=https%3A%2F%2Fbalkanweb.com%2Fkategoria%2Fshqiperia%2F&amp;cb=885112b259\" alt=\"\" width=\"0\" height=\"0\" \/><\/div>\n<p><\/ins><\/div>\n<p>\u201cN\u00eb Bundestag, me nj\u00eb tjet\u00ebr mik t\u00eb nderuar, kryeparlamentarin Wolfgang Schauble\ud83c\udde9\ud83c\uddea\ud83e\udd1d\ud83c\udde6\ud83c\uddf1\u201d, shkruan Rama p\u00ebrkrah videos me Schauble.<\/p>\n<div id=\"pa_1x1_psbk_1568380080683\"><\/div>\n<div class=\"galery-slider\">\n<ul class=\"slides\">\n<li class=\"flex-slider-item\" data-thumb-alt=\"\"><a href=\"https:\/\/balkanweb.com\/wp-content\/uploads\/2019\/09\/Rama-berlin.png\" rel=\"lightbox\"><img decoding=\"async\" draggable=\"false\" src=\"https:\/\/balkanweb.com\/wp-content\/uploads\/2019\/09\/Rama-berlin.png\" alt=\"foto galeri \" \/><\/a><\/li>\n<li class=\"flex-slider-item\" data-thumb-alt=\"\"><a href=\"https:\/\/balkanweb.com\/wp-content\/uploads\/2019\/09\/rama-me-kryeparlamentarin.png\" rel=\"lightbox\"><img decoding=\"async\" draggable=\"false\" src=\"https:\/\/balkanweb.com\/wp-content\/uploads\/2019\/09\/rama-me-kryeparlamentarin.png\" alt=\"foto galeri \" \/><\/a><\/li>\n<\/ul>\n<\/div>\n<p>\u201cIa dhash\u00eb m\u00eb par\u00eb kancelares tuaj dhe kjo \u00ebsht\u00eb p\u00ebr ju\u201d, i drejtohet Rama kryeparlamentarit gjerman q\u00eb menj\u00ebher\u00eb hap librin me piktura dhe shpreh p\u00ebrshtypjen e par\u00eb. \u201cShum\u00eb impresionuese\u201d, thot\u00eb ai teksa shfleton.<br \/>\nPo sot kreu i qeveris\u00eb shqiptare \u00ebsht\u00eb takuar edhe me kancelaren gjermane Angela Merkel.<\/p>\n<div id=\"sticky-video--placeholder\"><\/div>","protected":false},"excerpt":{"rendered":"<p>Kryeministri Edi Rama ndodhet n\u00eb Gjermani ku ka pasur disa takime me lider\u00ebt kryesor\u00eb dhe nj\u00eb seanc\u00eb n\u00eb Bundestag me deputet\u00ebt e CDU\/CSU p\u00ebr t\u00eb k\u00ebrkuar p\u00ebrgjigjen pozitive p\u00ebr hapjen e negociatave me BE-n\u00eb p\u00ebr Shqip\u00ebrin\u00eb. \u201cN\u00eb Bundestag, me nj\u00eb tjet\u00ebr mik t\u00eb nderuar, kryeparlamentarin Wolfgang Schauble\ud83c\udde9\ud83c\uddea\ud83e\udd1d\ud83c\udde6\ud83c\uddf1\u201d, shkruan Rama p\u00ebrkrah videos me Schauble. \u201cIa dhash\u00eb [&hellip;]<\/p>\n","protected":false},"author":2013,"featured_media":106545,"comment_status":"open","ping_status":"closed","sticky":false,"template":"","format":"standard","meta":{"footnotes":""},"categories":[241,235],"tags":[],"class_list":{"0":"post-106538","1":"post","2":"type-post","3":"status-publish","4":"format-standard","5":"has-post-thumbnail","7":"category-aktualitet","8":"category-vendi"},"_links":{"self":[{"href":"https:\/\/zjarr.tv\/en\/wp-json\/wp\/v2\/posts\/106538","targetHints":{"allow":["GET"]}}],"collection":[{"href":"https:\/\/zjarr.tv\/en\/wp-json\/wp\/v2\/posts"}],"about":[{"href":"https:\/\/zjarr.tv\/en\/wp-json\/wp\/v2\/types\/post"}],"author":[{"embeddable":true,"href":"https:\/\/zjarr.tv\/en\/wp-json\/wp\/v2\/users\/2013"}],"replies":[{"embeddable":true,"href":"https:\/\/zjarr.tv\/en\/wp-json\/wp\/v2\/comments?post=106538"}],"version-history":[{"count":0,"href":"https:\/\/zjarr.tv\/en\/wp-json\/wp\/v2\/posts\/106538\/revisions"}],"wp:featuredmedia":[{"embeddable":true,"href":"https:\/\/zjarr.tv\/en\/wp-json\/wp\/v2\/media\/106545"}],"wp:attachment":[{"href":"https:\/\/zjarr.tv\/en\/wp-json\/wp\/v2\/media?parent=106538"}],"wp:term":[{"taxonomy":"category","embeddable":true,"href":"https:\/\/zjarr.tv\/en\/wp-json\/wp\/v2\/categories?post=106538"},{"taxonomy":"post_tag","embeddable":true,"href":"https:\/\/zjarr.tv\/en\/wp-json\/wp\/v2\/tags?post=106538"}],"curies":[{"name":"wp","href":"https:\/\/api.w.org\/{rel}","templated":true}]}}