{"id":106542,"date":"2019-09-13T15:07:35","date_gmt":"2019-09-13T13:07:35","guid":{"rendered":"https:\/\/zjarr.tv\/?p=106542"},"modified":"2019-09-13T15:07:35","modified_gmt":"2019-09-13T13:07:35","slug":"numri-2-i-ambasades-amerikane-shqiperia-duhet-te-sheroje-semundjet-e-korrupsionit-dhe-menjanimit-politik","status":"publish","type":"post","link":"https:\/\/zjarr.tv\/en\/numri-2-i-ambasades-amerikane-shqiperia-duhet-te-sheroje-semundjet-e-korrupsionit-dhe-menjanimit-politik\/","title":{"rendered":"Numri 2 i ambasad\u00ebs amerikane: Shqip\u00ebria duhet t\u00eb sh\u00ebroj\u00eb s\u00ebmundjet e korrupsionit dhe m\u00ebnjanimit politik"},"content":{"rendered":"<p>\u201cShqip\u00ebria duhet s\u00eb pari t\u00eb sh\u00ebroj\u00eb s\u00ebmundjet e korrupsionit dhe m\u00ebnjanimit politik\u201d. K\u00ebshtu \u00ebsht\u00eb shprehur Zv. Shefi i Misionit Diplomatik t\u00eb SHBA n\u00eb Detyr\u00eb Dan Koski gjat\u00eb ceremonis\u00eb n\u00eb vler\u00ebsim t\u00eb 12 investiguesve t\u00eb zbatimit t\u00eb ligjit n\u00eb Drejtorin\u00eb e Anti-Terrorizmit dhe Krimit Kibernetik, t\u00eb cil\u00ebt p\u00ebrfunduan kursin e \u201cHetimit t\u00eb P\u00ebrparuar n\u00eb Internet dhe Media Sociale\u201d k\u00ebt\u00eb jav\u00eb.<\/p>\n<div id=\"sovrn\" class=\"desktop_ad ad_bottom_space\"><ins><\/p>\n<div id=\"beacon_32e63dc9f5\"><\/div>\n<p><\/ins><\/div>\n<p>\ud83c\udde6\ud83c\uddf1\ufe0f | \u201cSi \u00e7do mjeke e p\u00ebrqendruar n\u00eb sh\u00ebrimin e pacientit t\u00eb saj, p\u00ebr t\u00eb trajtuar shkaqet thelb\u00ebsore t\u00eb ekstremizmit t\u00eb dhunsh\u00ebm, Shqip\u00ebria duhet s\u00eb pari t\u00eb sh\u00ebroj\u00eb s\u00ebmundjet e korrupsionit dhe m\u00ebnjanimit politik, t\u00eb cilat kan\u00eb margjinalizuar shum\u00eb prej qytetar\u00ebve t\u00eb saj. Kura mund t\u00eb mos jet\u00eb e leht\u00eb por \u00ebsht\u00eb e mundur, dhe Shtetet e Bashkuara do vazhdojn\u00eb t\u00eb japin mb\u00ebshtetjen e tyre n\u00eb p\u00ebrpjekjet e Shqip\u00ebris\u00eb p\u00ebr ta arritur k\u00ebt\u00eb gj\u00eb\u201d, tha Koski gjat\u00eb ceremonis\u00eb.<\/p>\n<p>I organizuar nga Asistenca p\u00ebr Trajnim Anti-terroriz\u00ebm e Departamentit t\u00eb Shtetit dhe me koordinimin e Zyr\u00ebs Rajonale t\u00eb Siguris\u00eb s\u00eb Ambasad\u00ebs Amerikane, ky ishte kursi i fundit n\u00eb nj\u00eb seri prej dhjet\u00eb kursesh t\u00eb udh\u00ebhequr nga ekspert\u00eb t\u00eb zbatimit t\u00eb ligjit nga Shtetet e Bashkuara. Trajnimi \u00ebsht\u00eb pjes\u00eb e nj\u00eb programi prej 1.3 milion\u00eb dollar\u00ebsh i Asistenc\u00ebs p\u00ebr Trajnim Anti-Terroriz\u00ebm n\u00eb mb\u00ebshtetje t\u00eb Policis\u00eb s\u00eb Shtetit dhe Nj\u00ebsis\u00eb Antiterroriz\u00ebm, p\u00ebr t\u00eb rritur aft\u00ebsit\u00eb e tyre n\u00eb hetimet kund\u00ebr terrorizmit.<\/p>","protected":false},"excerpt":{"rendered":"<p>\u201cShqip\u00ebria duhet s\u00eb pari t\u00eb sh\u00ebroj\u00eb s\u00ebmundjet e korrupsionit dhe m\u00ebnjanimit politik\u201d. K\u00ebshtu \u00ebsht\u00eb shprehur Zv. Shefi i Misionit Diplomatik t\u00eb SHBA n\u00eb Detyr\u00eb Dan Koski gjat\u00eb ceremonis\u00eb n\u00eb vler\u00ebsim t\u00eb 12 investiguesve t\u00eb zbatimit t\u00eb ligjit n\u00eb Drejtorin\u00eb e Anti-Terrorizmit dhe Krimit Kibernetik, t\u00eb cil\u00ebt p\u00ebrfunduan kursin e \u201cHetimit t\u00eb P\u00ebrparuar n\u00eb Internet dhe [&hellip;]<\/p>\n","protected":false},"author":2013,"featured_media":106543,"comment_status":"open","ping_status":"closed","sticky":false,"template":"","format":"standard","meta":{"footnotes":""},"categories":[241,235],"tags":[],"class_list":{"0":"post-106542","1":"post","2":"type-post","3":"status-publish","4":"format-standard","5":"has-post-thumbnail","7":"category-aktualitet","8":"category-vendi"},"_links":{"self":[{"href":"https:\/\/zjarr.tv\/en\/wp-json\/wp\/v2\/posts\/106542","targetHints":{"allow":["GET"]}}],"collection":[{"href":"https:\/\/zjarr.tv\/en\/wp-json\/wp\/v2\/posts"}],"about":[{"href":"https:\/\/zjarr.tv\/en\/wp-json\/wp\/v2\/types\/post"}],"author":[{"embeddable":true,"href":"https:\/\/zjarr.tv\/en\/wp-json\/wp\/v2\/users\/2013"}],"replies":[{"embeddable":true,"href":"https:\/\/zjarr.tv\/en\/wp-json\/wp\/v2\/comments?post=106542"}],"version-history":[{"count":0,"href":"https:\/\/zjarr.tv\/en\/wp-json\/wp\/v2\/posts\/106542\/revisions"}],"wp:featuredmedia":[{"embeddable":true,"href":"https:\/\/zjarr.tv\/en\/wp-json\/wp\/v2\/media\/106543"}],"wp:attachment":[{"href":"https:\/\/zjarr.tv\/en\/wp-json\/wp\/v2\/media?parent=106542"}],"wp:term":[{"taxonomy":"category","embeddable":true,"href":"https:\/\/zjarr.tv\/en\/wp-json\/wp\/v2\/categories?post=106542"},{"taxonomy":"post_tag","embeddable":true,"href":"https:\/\/zjarr.tv\/en\/wp-json\/wp\/v2\/tags?post=106542"}],"curies":[{"name":"wp","href":"https:\/\/api.w.org\/{rel}","templated":true}]}}