{"id":106549,"date":"2019-09-13T15:57:41","date_gmt":"2019-09-13T13:57:41","guid":{"rendered":"https:\/\/zjarr.tv\/?p=106549"},"modified":"2019-09-13T15:57:41","modified_gmt":"2019-09-13T13:57:41","slug":"politikat-per-kujdesin-shendetesor-serish-reforma-e-sistemit-te-kujdesit-shendetesor-dominoi-debatin-televiziv-prej-gati-tre-oresh-qe-ne-fillim-kandidatet-biden-warren-dhe-sanders-debatuan-me-ton","status":"publish","type":"post","link":"https:\/\/zjarr.tv\/en\/politikat-per-kujdesin-shendetesor-serish-reforma-e-sistemit-te-kujdesit-shendetesor-dominoi-debatin-televiziv-prej-gati-tre-oresh-qe-ne-fillim-kandidatet-biden-warren-dhe-sanders-debatuan-me-ton\/","title":{"rendered":"Politikat p\u00ebr kujdesin sh\u00ebndet\u00ebsor  S\u00ebrish, reforma e sistemit t\u00eb kujdesit sh\u00ebndet\u00ebsor dominoi debatin televiziv prej gati tre or\u00ebsh. Q\u00eb n\u00eb fillim, kandidat\u00ebt Biden, Warren dhe Sanders debatuan me tone t\u00eb larta rreth m\u00ebnyrave se si duhen ndryshuar politikat e kujdesit sh\u00ebndet\u00ebsor n\u00eb Shtetet e Bashkuara. Debati i s\u00eb enjtes ishte hera e par\u00eb q\u00eb Joe Biden dhe Elizabeth Warren u gjend\u00ebn n\u00eb t\u00eb nj\u00ebjt\u00ebn sken\u00eb dhe madje n\u00eb nj\u00eb distanc\u00eb shum\u00eb t\u00eb af\u00ebrt me nj\u00ebri-tjetrin. Por, p\u00ebrve\u00e7 debatit t\u00eb fort\u00eb p\u00ebr sh\u00ebndet\u00ebsin\u00eb, f\u00ebrkimet e tjera t\u00eb tyre ishin sporadike.  Si Sanders, ashtu edhe Warren, mb\u00ebshtesin nj\u00eb program sigurimesh sh\u00ebndet\u00ebsore t\u00eb menaxhuar nga qeveria, sistem ky i pranish\u00ebm n\u00eb disa vende t\u00eb tjera per\u00ebndimore. Ata e quajt\u00ebn propozimin e tyre \u201cMedicare for All\u201d, duke e paraqitur si nj\u00eb zgjerim t\u00eb programit ekzistues t\u00eb sigurimeve sh\u00ebndet\u00ebsore p\u00ebr amerikan\u00ebt e moshuar n\u00eb Shtetet e Bashkuara.  Protestuesit republikan\u00eb  Republikan\u00ebt e b\u00ebn\u00eb t\u00eb ditur prezenc\u00ebn e tyre jasht\u00eb debatit, duke ngritur nj\u00eb parrull\u00eb t\u00eb madhe n\u00eb mb\u00ebshtetje t\u00eb pretendimit republikan se kandidat\u00ebt demokrat\u00eb jan\u00eb socialist\u00eb. \u201cSocialist\u00ebt do t\u00eb vrasin ekonomin\u00eb e Hjustonit. Votoni n\u00eb 2020 p\u00ebr Trump-in\u201d, lexonte parrulla.  Nd\u00ebrsa po shkonte p\u00ebr t\u00eb vizituar qytetin Baltimore, n\u00eb shtetin Maryland, Presidenti Trump pati parashikuar se konkurrimi i brendsh\u00ebm i demokrat\u00ebve do t\u00eb rezultonte n\u00eb tre kandidat\u00eb kryesor\u00eb: Joe Biden, Elizabeth Warren dhe Bernie Sanders, pasi si\u00e7 u shpreh Presidenti \u201cata kryesojn\u00eb me diferenc\u00eb t\u00eb madhe n\u00eb anketime\u201d.  Zoti Biden ka qen\u00eb p\u00ebr 36 vite senator i Shteteve t\u00eb Bashkuara dhe ka humbur dy her\u00eb n\u00eb gar\u00ebn p\u00ebr president. Ai udh\u00ebheq me rreth 30% t\u00eb mb\u00ebshtetjes n\u00eb anketimet komb\u00ebtare n\u00eb radh\u00ebt e demokrat\u00ebve. Kandidat\u00ebt Elizabeth Warren dhe Bernie Sanders jan\u00eb p\u00ebrgjith\u00ebsisht nj\u00ebsoj n\u00eb anketime dhe me pothuajse 10 pik\u00eb pas zotit Biden n\u00eb nivel komb\u00ebtar.  Pik\u00ebpamjet e demokrat\u00ebve  Disa demokrat\u00eb e shohin zotin Biden si tep\u00ebr t\u00eb moshuar p\u00ebr t\u2019ia dal\u00eb p\u00ebrball\u00eb nj\u00eb t\u00eb moshuari tjet\u00ebr, 73-vje\u00e7arit Trump. Zoti Sanders \u00ebsht\u00eb edhe m\u00eb i vjet\u00ebr, 78-vje\u00e7. Nd\u00ebrsa zonja Warren \u00ebsht\u00eb 70 vje\u00e7e.  Pik\u00ebpamjet politike p\u00ebrgjith\u00ebsisht t\u00eb qendr\u00ebs s\u00eb majt\u00eb t\u00eb zotit Biden jan\u00eb n\u00eb kund\u00ebrshti me ato t\u00eb kandidat\u00ebve t\u00eb tjer\u00eb demokrat\u00eb si zonja Warren, zoti Sanders, apo figura t\u00eb tjera m\u00eb progresive demokrate q\u00eb d\u00ebshirojn\u00eb t\u00eb shkundin Uashingtonin."},"content":{"rendered":"<p>Nj\u00eb ngjarje e r\u00ebnd\u00eb \u00ebsht\u00eb sh\u00ebnuar gjat\u00eb dit\u00ebs s\u00eb sotme n\u00eb Shkod\u00ebr.<\/p>\n<p>N\u00eb Theth ka humbur jet\u00ebn nj\u00eb shofer pas kontaktit te mjeteit te tij me energjin\u00eb elektrike.<\/p>\n<p>Me mjetin e tij do t\u00eb shkarkonte tulla kur mjeti ka r\u00ebn\u00eb n\u00eb kontakt me energjin\u00eb elektrike.<\/p>\n<div id=\"rekl-13\">\n<div id=\"__sap-ad-15\" class=\"__sap-ads __sap-html tracked\" data-title=\"Credins desktop 08\"><ins><\/p>\n<div id=\"beacon_c580d0d73e\"><\/div>\n<p><\/ins><\/div>\n<\/div>\n<p>Policia \u00ebsht\u00eb nisur drejt vendit t\u00eb ngjarjes p\u00ebr t\u00eb shpjeguar rrethanat e k\u00ebsaj ngjarje t\u00eb r\u00ebnd\u00eb.<\/p>","protected":false},"excerpt":{"rendered":"<p>Nj\u00eb ngjarje e r\u00ebnd\u00eb \u00ebsht\u00eb sh\u00ebnuar gjat\u00eb dit\u00ebs s\u00eb sotme n\u00eb Shkod\u00ebr. N\u00eb Theth ka humbur jet\u00ebn nj\u00eb shofer pas kontaktit te mjeteit te tij me energjin\u00eb elektrike. Me mjetin e tij do t\u00eb shkarkonte tulla kur mjeti ka r\u00ebn\u00eb n\u00eb kontakt me energjin\u00eb elektrike. Policia \u00ebsht\u00eb nisur drejt vendit t\u00eb ngjarjes p\u00ebr t\u00eb shpjeguar [&hellip;]<\/p>\n","protected":false},"author":2013,"featured_media":106621,"comment_status":"open","ping_status":"closed","sticky":false,"template":"","format":"standard","meta":{"footnotes":""},"categories":[241,235],"tags":[],"class_list":{"0":"post-106549","1":"post","2":"type-post","3":"status-publish","4":"format-standard","5":"has-post-thumbnail","7":"category-aktualitet","8":"category-vendi"},"_links":{"self":[{"href":"https:\/\/zjarr.tv\/en\/wp-json\/wp\/v2\/posts\/106549","targetHints":{"allow":["GET"]}}],"collection":[{"href":"https:\/\/zjarr.tv\/en\/wp-json\/wp\/v2\/posts"}],"about":[{"href":"https:\/\/zjarr.tv\/en\/wp-json\/wp\/v2\/types\/post"}],"author":[{"embeddable":true,"href":"https:\/\/zjarr.tv\/en\/wp-json\/wp\/v2\/users\/2013"}],"replies":[{"embeddable":true,"href":"https:\/\/zjarr.tv\/en\/wp-json\/wp\/v2\/comments?post=106549"}],"version-history":[{"count":0,"href":"https:\/\/zjarr.tv\/en\/wp-json\/wp\/v2\/posts\/106549\/revisions"}],"wp:featuredmedia":[{"embeddable":true,"href":"https:\/\/zjarr.tv\/en\/wp-json\/wp\/v2\/media\/106621"}],"wp:attachment":[{"href":"https:\/\/zjarr.tv\/en\/wp-json\/wp\/v2\/media?parent=106549"}],"wp:term":[{"taxonomy":"category","embeddable":true,"href":"https:\/\/zjarr.tv\/en\/wp-json\/wp\/v2\/categories?post=106549"},{"taxonomy":"post_tag","embeddable":true,"href":"https:\/\/zjarr.tv\/en\/wp-json\/wp\/v2\/tags?post=106549"}],"curies":[{"name":"wp","href":"https:\/\/api.w.org\/{rel}","templated":true}]}}