{"id":106650,"date":"2019-09-13T16:58:18","date_gmt":"2019-09-13T14:58:18","guid":{"rendered":"https:\/\/zjarr.tv\/?p=106650"},"modified":"2019-09-13T16:58:18","modified_gmt":"2019-09-13T14:58:18","slug":"lirohet-nje-prej-te-arrestuareve-te-unaza-e-re-balliu-drejtesia-me-dy-standarde","status":"publish","type":"post","link":"https:\/\/zjarr.tv\/en\/lirohet-nje-prej-te-arrestuareve-te-unaza-e-re-balliu-drejtesia-me-dy-standarde\/","title":{"rendered":"Lirohet nj\u00eb prej t\u00eb arrestuar\u00ebve t\u00eb Unaza e Re, Balliu: Drejt\u00ebsia me dy standarde"},"content":{"rendered":"<p>Gjykata e Tiran\u00ebs caktoi t\u00eb premten mas\u00ebn e siguris\u00eb \u201cdetyrim paraqitje\u201d p\u00ebr Ruzhdi Dacin, nj\u00eb nga banor\u00ebt e Unaz\u00ebs s\u00eb Re q\u00eb prej nj\u00eb muaji ishte shpallur n\u00eb k\u00ebrkim nga policia, e q\u00eb dy dit\u00eb m\u00eb par\u00eb \u00ebsht\u00eb vet\u00ebdor\u00ebzuar.<\/p>\n<p>Ai ishte shpallur n\u00eb k\u00ebrkim n\u00eb lidhje me protestat e zhvilluara nga k\u00ebta banor\u00eb n\u00eb unaz\u00ebn e re, kund\u00ebr shembjes s\u00eb shtepive t\u00eb tyre. Ish-deputeti demokrat Klevis Balliu tha se drejt\u00ebsia shqiptare vepron me dy standarde, ndryshe sillet me bashk\u00ebpun\u00ebtor\u00ebt e Ram\u00ebs dhe ndryshe me qytetar\u00ebt e thjesht\u00eb.<\/p>\n<div id=\"sovrn\" class=\"desktop_ad ad_bottom_space\"><ins><\/p>\n<div id=\"beacon_a5e0b80e30\"><img loading=\"lazy\" decoding=\"async\" src=\"https:\/\/ads.balkanweb.com\/www\/delivery\/lg.php?bannerid=0&amp;campaignid=0&amp;zoneid=426&amp;loc=https%3A%2F%2Fbalkanweb.com%2Flirohet-nje-prej-te-arrestuareve-te-unaza-e-re-balliu-drejtesia-me-dy-standarde%2F&amp;referer=https%3A%2F%2Fbalkanweb.com%2Fkategoria%2Fshqiperia%2F&amp;cb=a5e0b80e30\" alt=\"\" width=\"0\" height=\"0\" \/><\/div>\n<p><\/ins><\/div>\n<p>Banor\u00ebt e Unaz\u00ebs s\u00eb Re prej 11 muajsh tashm\u00eb vazhdojn\u00eb q\u00ebndres\u00ebn kund\u00ebr prishjes s\u00eb shtepive t\u00eb tyre.<\/p>\n<p>&nbsp;<\/p>","protected":false},"excerpt":{"rendered":"<p>Gjykata e Tiran\u00ebs caktoi t\u00eb premten mas\u00ebn e siguris\u00eb \u201cdetyrim paraqitje\u201d p\u00ebr Ruzhdi Dacin, nj\u00eb nga banor\u00ebt e Unaz\u00ebs s\u00eb Re q\u00eb prej nj\u00eb muaji ishte shpallur n\u00eb k\u00ebrkim nga policia, e q\u00eb dy dit\u00eb m\u00eb par\u00eb \u00ebsht\u00eb vet\u00ebdor\u00ebzuar. Ai ishte shpallur n\u00eb k\u00ebrkim n\u00eb lidhje me protestat e zhvilluara nga k\u00ebta banor\u00eb n\u00eb unaz\u00ebn [&hellip;]<\/p>\n","protected":false},"author":2013,"featured_media":87433,"comment_status":"open","ping_status":"closed","sticky":false,"template":"","format":"standard","meta":{"footnotes":""},"categories":[241,235],"tags":[],"class_list":{"0":"post-106650","1":"post","2":"type-post","3":"status-publish","4":"format-standard","5":"has-post-thumbnail","7":"category-aktualitet","8":"category-vendi"},"_links":{"self":[{"href":"https:\/\/zjarr.tv\/en\/wp-json\/wp\/v2\/posts\/106650","targetHints":{"allow":["GET"]}}],"collection":[{"href":"https:\/\/zjarr.tv\/en\/wp-json\/wp\/v2\/posts"}],"about":[{"href":"https:\/\/zjarr.tv\/en\/wp-json\/wp\/v2\/types\/post"}],"author":[{"embeddable":true,"href":"https:\/\/zjarr.tv\/en\/wp-json\/wp\/v2\/users\/2013"}],"replies":[{"embeddable":true,"href":"https:\/\/zjarr.tv\/en\/wp-json\/wp\/v2\/comments?post=106650"}],"version-history":[{"count":0,"href":"https:\/\/zjarr.tv\/en\/wp-json\/wp\/v2\/posts\/106650\/revisions"}],"wp:featuredmedia":[{"embeddable":true,"href":"https:\/\/zjarr.tv\/en\/wp-json\/wp\/v2\/media\/87433"}],"wp:attachment":[{"href":"https:\/\/zjarr.tv\/en\/wp-json\/wp\/v2\/media?parent=106650"}],"wp:term":[{"taxonomy":"category","embeddable":true,"href":"https:\/\/zjarr.tv\/en\/wp-json\/wp\/v2\/categories?post=106650"},{"taxonomy":"post_tag","embeddable":true,"href":"https:\/\/zjarr.tv\/en\/wp-json\/wp\/v2\/tags?post=106650"}],"curies":[{"name":"wp","href":"https:\/\/api.w.org\/{rel}","templated":true}]}}