{"id":106656,"date":"2019-09-13T17:07:08","date_gmt":"2019-09-13T15:07:08","guid":{"rendered":"https:\/\/zjarr.tv\/?p=106656"},"modified":"2019-09-13T17:07:08","modified_gmt":"2019-09-13T15:07:08","slug":"takimi-me-merkel-rama-pranon-kushtet-e-reja-be-me-e-ngurte-do-bejme-cmos-per-te-hapur-negociatat","status":"publish","type":"post","link":"https:\/\/zjarr.tv\/en\/takimi-me-merkel-rama-pranon-kushtet-e-reja-be-me-e-ngurte-do-bejme-cmos-per-te-hapur-negociatat\/","title":{"rendered":"Takimi me Merkel, Rama pranon kushtet e reja: BE m\u00eb e ngurt\u00eb, do b\u00ebjm\u00eb \u00e7mos p\u00ebr t\u00eb hapur negociatat"},"content":{"rendered":"<div class=\"col-md-1 col-sm-1\">\n<div class=\"article-sharing-options\">\n<p>Kryeministri Edi Rama ka folur nga Berlini pas takimit me Kancelaren e Gjermanis\u00eb, Angela Merkel.<\/p>\n<\/div>\n<\/div>\n<div class=\"col-md-10 col-sm-10 article-text\">\n<p>\u201cKancelarja pati vler\u00ebsime shum\u00eb inkurajuese pozitive dhe ajo q\u00eb \u00ebsht\u00eb m\u00eb e r\u00ebnd\u00ebsishme, nj\u00eb predispozit\u00eb shum\u00eb pozitive p\u00ebr ta \u00e7uar p\u00ebrpara k\u00ebt\u00eb proces dhe p\u00ebr t\u00eb arritur n\u00eb nj\u00eb p\u00ebrfundim pozitiv, q\u00eb do t\u00eb thot\u00eb nj\u00eb mb\u00ebshtetje e Gjermanis\u00eb p\u00ebr at\u00eb \u00e7ka t\u00eb gjith\u00eb d\u00ebshirojm\u00eb\u201d, tha kreu i qeveris\u00eb shqiptare.<\/p>\n<p>Fjala e plot\u00eb e Ram\u00ebs:<\/p>\n<div id=\"pa_1x1_psbk_1568387180167\"><\/div>\n<p>E kemi filluar dit\u00ebn qysh her\u00ebt sot, me k\u00ebto takime dhe do t\u00eb vazhdoj t\u00eb takoj edhe grupe t\u00eb vogla, apo individ\u00eb t\u00eb r\u00ebnd\u00ebsish\u00ebm n\u00eb Bundestagun gjerman. Por, sigurisht, takimi me Kancelaren ishte ai q\u00eb kishte r\u00ebnd\u00ebsi t\u00eb ve\u00e7ant\u00eb dhe pa dashur t\u00eb shkoj p\u00ebrtej asaj q\u00eb mund t\u00eb them p\u00ebr momentin, edhe n\u00eb respekt t\u00eb Kancelares dhe le t\u00eb themi t\u00eb konfidencialitetit formal t\u00eb takimit, \u2013 Kancelarja pati vler\u00ebsime shum\u00eb inkurajuese pozitive dhe ajo q\u00eb \u00ebsht\u00eb m\u00eb e r\u00ebnd\u00ebsishme, nj\u00eb predispozit\u00eb shum\u00eb pozitive p\u00ebr ta \u00e7uar p\u00ebrpara k\u00ebt\u00eb proces dhe p\u00ebr t\u00eb arritur n\u00eb nj\u00eb p\u00ebrfundim pozitiv, q\u00eb do t\u00eb thot\u00eb nj\u00eb mb\u00ebshtetje e Gjermanis\u00eb p\u00ebr at\u00eb \u00e7ka t\u00eb gjith\u00eb d\u00ebshirojm\u00eb.Megjithat\u00eb, ky \u00ebsht\u00eb nj\u00eb proces. Gjermania ka nj\u00eb procedur\u00eb t\u00eb ve\u00e7ant\u00eb, sepse kalon n\u00ebp\u00ebrmjet Bundestagut, n\u00ebp\u00ebrmjet diskutimeve n\u00eb grupe. Grupet jan\u00eb grupe demokratike, kan\u00eb ide t\u00eb ndryshme, kan\u00eb qasje t\u00eb ndryshme, k\u00ebshtu q\u00eb me shum\u00eb durim, ne do t\u00eb vazhdojm\u00eb kontaktet dhe kjo \u00ebsht\u00eb faza kur do t\u00eb b\u00ebjm\u00eb \u00e7mos q\u00eb, pavar\u00ebsisht gjith\u00eb pengesave q\u00eb ja kemi krijuar vetes n\u00eb gjysm\u00ebn e par\u00eb t\u00eb k\u00ebtij viti sidomos, t\u2019ia dalim q\u00eb t\u00eb hyjm\u00eb n\u00eb nj\u00eb faz\u00eb t\u00eb re, krejt tjet\u00ebr, t\u00eb rrug\u00ebs son\u00eb europiane.<\/p>\n<p>Ne po punojm\u00eb intensivisht p\u00ebr aq sa mund t\u00eb b\u00ebjm\u00eb. Jemi t\u00eb vet\u00ebdijsh\u00ebm se vendimi gjithsesi ka t\u00eb b\u00ebj\u00eb m\u00eb pak me ne dhe me \u00e7far\u00eb b\u00ebjm\u00eb ne dhe m\u00eb shum\u00eb me vendet dhe me \u00e7far\u00eb ato k\u00ebrkojn\u00eb n\u00eb radh\u00eb t\u00eb par\u00eb nga BE, q\u00eb, si\u00e7 e ka th\u00ebn\u00eb Presidenti francez, nuk funksionon me 28, si mund t\u00eb funksionoj\u00eb me m\u00eb shum\u00eb, etj. dhe sigurisht n\u00eb raport me opinionet e tyre publike q\u00eb \u00ebsht\u00eb nj\u00eb problem i mir\u00ebkuptuesh\u00ebm m\u00eb vete. Patjet\u00ebr q\u00eb nj\u00eb pozicion pozitiv i Gjermanis\u00eb do t\u00eb thot\u00eb shum\u00eb. Gjermania \u00ebsht\u00eb nj\u00eb z\u00eb, le t\u00eb themi, jo si t\u00eb gjith\u00eb t\u00eb tjer\u00ebt n\u00eb familjen e Europ\u00ebs s\u00eb bashkuar dhe ne do t\u00eb b\u00ebjm\u00eb \u00e7mos q\u00eb ky z\u00eb t\u00eb jet\u00eb n\u00eb favor t\u00eb Shqip\u00ebris\u00eb.<\/p>\n<p>Nj\u00eb gj\u00eb \u00ebsht\u00eb e sigurt, q\u00eb, pavar\u00ebsisht se nuk kemi qen\u00eb gjithmon\u00eb dakord, kemi t\u00eb b\u00ebjm\u00eb me njer\u00ebz dhe me institucione q\u00eb gjithmon\u00eb kan\u00eb dashur m\u00eb t\u00eb mir\u00ebn p\u00ebr Shqip\u00ebrin\u00eb dhe p\u00ebr shqiptar\u00ebt pa diskutim. K\u00ebshtu q\u00eb jemi n\u00eb nj\u00eb moment q\u00eb atmosfera \u00ebsht\u00eb pozitive, por duhet q\u00eb t\u00eb p\u00ebrpiqemi deri n\u00eb fund dhe t\u00eb p\u00ebrpiqemi, le t\u00eb themi, q\u00eb t\u00eb mos marrim m\u00eb sysh veten, duke u g\u00ebzuar, apo folur para kohe.<\/p>\n<p>Sigurisht q\u00eb nuk b\u00ebhet fjal\u00eb p\u00ebr nj\u00eb dhurat\u00eb, b\u00ebhet fjal\u00eb p\u00ebr t\u00eb marr\u00eb at\u00eb q\u00eb na takon. Sigurisht nuk b\u00ebhet fjal\u00eb p\u00ebr ta mbyllur procesin, por b\u00ebhet fjal\u00eb p\u00ebr t\u00eb hyr\u00eb n\u00eb nj\u00eb faz\u00eb t\u00eb re, me kushte n\u00eb \u00e7do hap, sepse i gjith\u00eb procesi \u00ebsht\u00eb i kusht\u00ebzuar, duhet t\u00eb p\u00ebrmbush\u00ebsh gjithmon\u00eb disa kushte p\u00ebr t\u00eb shkuar nj\u00eb hap m\u00eb tutje, pastaj disa kushte t\u00eb tjera, pastaj disa t\u00eb tjera dhe llogarit\u00eb tregojn\u00eb se t\u00eb gjith\u00eb vendet q\u00eb kan\u00eb kaluar n\u00eb k\u00ebt\u00eb proces, i cili \u00ebsht\u00eb b\u00ebr\u00eb gjithmon\u00eb e m\u00eb i v\u00ebshtir\u00eb, p\u00ebr shkak se Europa, BE \u00ebsht\u00eb b\u00ebr\u00eb gjithmon\u00eb e m\u00eb e ngurt\u00eb dhe ka hyr\u00eb n\u00eb v\u00ebshtir\u00ebsi t\u00eb reja me vetveten, iu \u00ebsht\u00eb dashur t\u00eb p\u00ebrmbushin qindra e qindra kushte.<\/p>\n<\/div>","protected":false},"excerpt":{"rendered":"<p>Kryeministri Edi Rama ka folur nga Berlini pas takimit me Kancelaren e Gjermanis\u00eb, Angela Merkel. \u201cKancelarja pati vler\u00ebsime shum\u00eb inkurajuese pozitive dhe ajo q\u00eb \u00ebsht\u00eb m\u00eb e r\u00ebnd\u00ebsishme, nj\u00eb predispozit\u00eb shum\u00eb pozitive p\u00ebr ta \u00e7uar p\u00ebrpara k\u00ebt\u00eb proces dhe p\u00ebr t\u00eb arritur n\u00eb nj\u00eb p\u00ebrfundim pozitiv, q\u00eb do t\u00eb thot\u00eb nj\u00eb mb\u00ebshtetje e Gjermanis\u00eb p\u00ebr [&hellip;]<\/p>\n","protected":false},"author":2013,"featured_media":106488,"comment_status":"open","ping_status":"closed","sticky":false,"template":"","format":"standard","meta":{"footnotes":""},"categories":[241,235],"tags":[],"class_list":{"0":"post-106656","1":"post","2":"type-post","3":"status-publish","4":"format-standard","5":"has-post-thumbnail","7":"category-aktualitet","8":"category-vendi"},"_links":{"self":[{"href":"https:\/\/zjarr.tv\/en\/wp-json\/wp\/v2\/posts\/106656","targetHints":{"allow":["GET"]}}],"collection":[{"href":"https:\/\/zjarr.tv\/en\/wp-json\/wp\/v2\/posts"}],"about":[{"href":"https:\/\/zjarr.tv\/en\/wp-json\/wp\/v2\/types\/post"}],"author":[{"embeddable":true,"href":"https:\/\/zjarr.tv\/en\/wp-json\/wp\/v2\/users\/2013"}],"replies":[{"embeddable":true,"href":"https:\/\/zjarr.tv\/en\/wp-json\/wp\/v2\/comments?post=106656"}],"version-history":[{"count":0,"href":"https:\/\/zjarr.tv\/en\/wp-json\/wp\/v2\/posts\/106656\/revisions"}],"wp:featuredmedia":[{"embeddable":true,"href":"https:\/\/zjarr.tv\/en\/wp-json\/wp\/v2\/media\/106488"}],"wp:attachment":[{"href":"https:\/\/zjarr.tv\/en\/wp-json\/wp\/v2\/media?parent=106656"}],"wp:term":[{"taxonomy":"category","embeddable":true,"href":"https:\/\/zjarr.tv\/en\/wp-json\/wp\/v2\/categories?post=106656"},{"taxonomy":"post_tag","embeddable":true,"href":"https:\/\/zjarr.tv\/en\/wp-json\/wp\/v2\/tags?post=106656"}],"curies":[{"name":"wp","href":"https:\/\/api.w.org\/{rel}","templated":true}]}}