{"id":106658,"date":"2019-09-13T17:28:09","date_gmt":"2019-09-13T15:28:09","guid":{"rendered":"https:\/\/zjarr.tv\/?p=106658"},"modified":"2019-09-13T17:28:09","modified_gmt":"2019-09-13T15:28:09","slug":"kapet-kamioni-me-1-ton-kanabis-sativa-por-shkonte-ne","status":"publish","type":"post","link":"https:\/\/zjarr.tv\/en\/kapet-kamioni-me-1-ton-kanabis-sativa-por-shkonte-ne\/","title":{"rendered":"Kapet kamioni me 1 ton kanabis sativa, por shkonte n\u00eb &#8230;"},"content":{"rendered":"<div class=\"readmore-text-here\">\n<p>Policia greke tha se ka sekuestruar rreth nj\u00eb ton kanabis sativa n\u00eb nj\u00eb kamion q\u00eb u bllokua n\u00eb hyrje t\u00eb Janin\u00ebs, qytetit verior grek fqinj me Shqip\u00ebrin\u00eb.<\/p>\n<p>Sipas policis\u00eb greke shoferi i kamionit q\u00eb rezulton i vjedhur \u00ebsht\u00eb nj\u00eb 30 vje\u00e7ar, shtetas i huaj.<\/p>\n<p>Sipas policis\u00eb greke operacioni kishte nisur n\u00eb brezin kufitar me Shqip\u00ebrin\u00eb.<\/p>\n<p>Sipas mediave greke dyshohet se l\u00ebnda narkotike ishte transportuar nga brezi kufitar n\u00eb sasi t\u00eb vogla n\u00eb kamionin q\u00eb kishte destinacion qytetet n\u00eb thell\u00ebsi t\u00eb Greqis\u00eb.<\/p>\n<p>Operacioni antidrog\u00eb u krye nga Divizioni i Antidrog\u00ebs Greke dhe sasia e narkotik\u00ebve \u00ebsht\u00eb nd\u00ebr m\u00eb t\u00eb m\u00ebdhat\u00eb e bllokuara gjat\u00eb viteve t\u00eb fundit nga policia greke.<\/p>\n<p>Po sot policia shqiptare arrestoi nj\u00eb tjet\u00ebr pjes\u00ebtar t\u00eb 4 grupeve kriminale q\u00eb u ndaluan dje p\u00ebr aktivitet n\u00eb fush\u00ebn e narkotik\u00ebve.<\/p>\n<p>Sipas Policis\u00eb shqiptare numri i t\u00eb arrestuarve ka shkuar ne 58 persona qe akuzohen si t\u00eb p\u00ebrfshir\u00eb n\u00eb kultivimin dhe m\u00eb pas trafikimin e l\u00ebnd\u00ebve narkotike drejt Greqis\u00eb.<\/p>\n<\/div>\n<div id=\"rekl-33\"><\/div>\n<p>&nbsp;<\/p>","protected":false},"excerpt":{"rendered":"<p>Policia greke tha se ka sekuestruar rreth nj\u00eb ton kanabis sativa n\u00eb nj\u00eb kamion q\u00eb u bllokua n\u00eb hyrje t\u00eb Janin\u00ebs, qytetit verior grek fqinj me Shqip\u00ebrin\u00eb. Sipas policis\u00eb greke shoferi i kamionit q\u00eb rezulton i vjedhur \u00ebsht\u00eb nj\u00eb 30 vje\u00e7ar, shtetas i huaj. Sipas policis\u00eb greke operacioni kishte nisur n\u00eb brezin kufitar me Shqip\u00ebrin\u00eb. [&hellip;]<\/p>\n","protected":false},"author":2013,"featured_media":38161,"comment_status":"open","ping_status":"closed","sticky":false,"template":"","format":"standard","meta":{"footnotes":""},"categories":[241,235],"tags":[],"class_list":{"0":"post-106658","1":"post","2":"type-post","3":"status-publish","4":"format-standard","5":"has-post-thumbnail","7":"category-aktualitet","8":"category-vendi"},"_links":{"self":[{"href":"https:\/\/zjarr.tv\/en\/wp-json\/wp\/v2\/posts\/106658","targetHints":{"allow":["GET"]}}],"collection":[{"href":"https:\/\/zjarr.tv\/en\/wp-json\/wp\/v2\/posts"}],"about":[{"href":"https:\/\/zjarr.tv\/en\/wp-json\/wp\/v2\/types\/post"}],"author":[{"embeddable":true,"href":"https:\/\/zjarr.tv\/en\/wp-json\/wp\/v2\/users\/2013"}],"replies":[{"embeddable":true,"href":"https:\/\/zjarr.tv\/en\/wp-json\/wp\/v2\/comments?post=106658"}],"version-history":[{"count":0,"href":"https:\/\/zjarr.tv\/en\/wp-json\/wp\/v2\/posts\/106658\/revisions"}],"wp:featuredmedia":[{"embeddable":true,"href":"https:\/\/zjarr.tv\/en\/wp-json\/wp\/v2\/media\/38161"}],"wp:attachment":[{"href":"https:\/\/zjarr.tv\/en\/wp-json\/wp\/v2\/media?parent=106658"}],"wp:term":[{"taxonomy":"category","embeddable":true,"href":"https:\/\/zjarr.tv\/en\/wp-json\/wp\/v2\/categories?post=106658"},{"taxonomy":"post_tag","embeddable":true,"href":"https:\/\/zjarr.tv\/en\/wp-json\/wp\/v2\/tags?post=106658"}],"curies":[{"name":"wp","href":"https:\/\/api.w.org\/{rel}","templated":true}]}}