{"id":106660,"date":"2019-09-13T17:19:51","date_gmt":"2019-09-13T15:19:51","guid":{"rendered":"https:\/\/zjarr.tv\/?p=106660"},"modified":"2019-09-13T17:19:51","modified_gmt":"2019-09-13T15:19:51","slug":"vizita-ne-berlin-pd-asnje-takim-nuk-e-fsheh-te-verteten-me-ramen-nuk-ka-negociata","status":"publish","type":"post","link":"https:\/\/zjarr.tv\/en\/vizita-ne-berlin-pd-asnje-takim-nuk-e-fsheh-te-verteten-me-ramen-nuk-ka-negociata\/","title":{"rendered":"Vizita n\u00eb Berlin, PD: Asnj\u00eb takim nuk e fsheh t\u00eb v\u00ebrtet\u00ebn, me Ram\u00ebn nuk ka negociata"},"content":{"rendered":"<p>Numri 2 i Partis\u00eb Demokratike Gazmend Bardhi ka komentuar vizit\u00ebn e Edi Ram\u00ebs n\u00eb Berlin.<\/p>\n<p>Me nj\u00eb sh\u00ebnim n\u00eb Facebook, sekretari i P\u00ebrgjithsh\u00ebm i PD-s\u00eb shkruan se asnj\u00eb takim \u2018n\u00eb Berlin, Washington, Paris apo Bruksel nuk e fshin dot t\u00eb v\u00ebrtet\u00ebn skandaloze se me Edi Ram\u00ebn, njeriun q\u00eb futi krimin n\u00eb zgjedhje dhe qeveris me t\u00eb, nuk ka p\u00ebr t\u00eb pasur nisje t\u00eb bisedimeve p\u00ebr an\u00ebtar\u00ebsim\u2019.<\/p>\n<p>Reagimi i plot\u00eb i Gazmend Bardhit:<\/p>\n<div id=\"rekl-13\">\n<div id=\"__sap-ad-15\" class=\"__sap-ads __sap-html tracked\" data-title=\"Credins desktop 08\"><ins><\/p>\n<div id=\"beacon_4c916a79d0\"><img loading=\"lazy\" decoding=\"async\" src=\"https:\/\/ads1.medium.al\/www\/delivery\/lg.php?bannerid=373&amp;campaignid=48&amp;zoneid=182&amp;loc=https%3A%2F%2Fwww.syri.net%2Fpolitike%2F280263%2Fvizita-ne-berlin-pd-asnje-takim-nuk-e-fsheh-te-verteten-me-ramen-nuk-ka-negociata%2F&amp;referer=https%3A%2F%2Fwww.syri.net%2Flajme%2F&amp;cb=4c916a79d0\" alt=\"\" width=\"0\" height=\"0\" \/><\/div>\n<p><\/ins><\/div>\n<\/div>\n<p>Asnj\u00eb takim n\u00eb Berlin, Washington, Paris apo Bruksel nuk e fshin dot t\u00eb v\u00ebrtet\u00ebn skandaloze se me Edi Ram\u00ebn, njeriun q\u00eb futi krimin n\u00eb zgjedhje dhe qeveris me t\u00eb, nuk ka p\u00ebr t\u00eb pasur nisje t\u00eb bisedimeve p\u00ebr an\u00ebtar\u00ebsim.<\/p>\n<p>Propaganda nuk mund ta mbuloj\u00eb heshtjen e Edi Ram\u00ebs p\u00ebr kriminelin e tij t\u00eb Vaut t\u00eb Dej\u00ebs, Mark Babani. Nj\u00ebsoj si p\u00ebr Valdrin Pjetrin e Shkodr\u00ebs, p\u00ebr Agim Kajmakun e Vor\u00ebs, Edi Rama po fshihet edhe p\u00ebr Mark Babanin.<\/p>\n<p>Kandidati i Edi Ram\u00ebs ka mashtruar publikisht me formularin e dekriminalizimit dhe ai duhet t\u00eb dal\u00eb para drejt\u00ebsis\u00eb p\u00ebr k\u00ebt\u00eb.<\/p>\n<p>\u00cbsht\u00eb fakt se Mark Babani \u00ebsht\u00eb arrestuar, d\u00ebnuar e d\u00ebbuar nga autoritetet italiane dhe ai nuk e ka deklaruar k\u00ebt\u00eb. Provat p\u00ebr k\u00ebt\u00eb jan\u00eb t\u00eb pakund\u00ebrshtueshme dhe prokuroria mjafton t\u00eb ket\u00eb vullnetin t\u2019i marr\u00eb n\u00eb dor\u00ebzim ato.<\/p>\n<p>Edi Rama dhe kandidati i tij p\u00ebr Vaun e Dej\u00ebs duhet t\u00eb sqarojn\u00eb publikun se \u00e7far\u00eb i kujton data 4 Prill 1994.<\/p>\n<p>As mashtrimet publike t\u00eb Mark Babanit dhe as heshtja e Edi Ram\u00ebs nuk e ndryshon dot t\u00eb v\u00ebrtet\u00ebn.<\/p>\n<p>Me kriminel\u00ebt n\u00eb parlament, me kriminel\u00ebt n\u00eb pushtetin lokal, me kriminel\u00ebt n\u00eb qeverisje nuk ka t\u00eb ardhme p\u00ebr shqiptar\u00ebt, nuk ka integrim, nuk ka Shqip\u00ebri si gjith\u00eb Europa.<\/p>","protected":false},"excerpt":{"rendered":"<p>Numri 2 i Partis\u00eb Demokratike Gazmend Bardhi ka komentuar vizit\u00ebn e Edi Ram\u00ebs n\u00eb Berlin. Me nj\u00eb sh\u00ebnim n\u00eb Facebook, sekretari i P\u00ebrgjithsh\u00ebm i PD-s\u00eb shkruan se asnj\u00eb takim \u2018n\u00eb Berlin, Washington, Paris apo Bruksel nuk e fshin dot t\u00eb v\u00ebrtet\u00ebn skandaloze se me Edi Ram\u00ebn, njeriun q\u00eb futi krimin n\u00eb zgjedhje dhe qeveris me [&hellip;]<\/p>\n","protected":false},"author":2013,"featured_media":68756,"comment_status":"open","ping_status":"closed","sticky":false,"template":"","format":"standard","meta":{"footnotes":""},"categories":[241,235],"tags":[],"class_list":{"0":"post-106660","1":"post","2":"type-post","3":"status-publish","4":"format-standard","5":"has-post-thumbnail","7":"category-aktualitet","8":"category-vendi"},"_links":{"self":[{"href":"https:\/\/zjarr.tv\/en\/wp-json\/wp\/v2\/posts\/106660","targetHints":{"allow":["GET"]}}],"collection":[{"href":"https:\/\/zjarr.tv\/en\/wp-json\/wp\/v2\/posts"}],"about":[{"href":"https:\/\/zjarr.tv\/en\/wp-json\/wp\/v2\/types\/post"}],"author":[{"embeddable":true,"href":"https:\/\/zjarr.tv\/en\/wp-json\/wp\/v2\/users\/2013"}],"replies":[{"embeddable":true,"href":"https:\/\/zjarr.tv\/en\/wp-json\/wp\/v2\/comments?post=106660"}],"version-history":[{"count":0,"href":"https:\/\/zjarr.tv\/en\/wp-json\/wp\/v2\/posts\/106660\/revisions"}],"wp:featuredmedia":[{"embeddable":true,"href":"https:\/\/zjarr.tv\/en\/wp-json\/wp\/v2\/media\/68756"}],"wp:attachment":[{"href":"https:\/\/zjarr.tv\/en\/wp-json\/wp\/v2\/media?parent=106660"}],"wp:term":[{"taxonomy":"category","embeddable":true,"href":"https:\/\/zjarr.tv\/en\/wp-json\/wp\/v2\/categories?post=106660"},{"taxonomy":"post_tag","embeddable":true,"href":"https:\/\/zjarr.tv\/en\/wp-json\/wp\/v2\/tags?post=106660"}],"curies":[{"name":"wp","href":"https:\/\/api.w.org\/{rel}","templated":true}]}}