{"id":106675,"date":"2019-09-13T17:55:07","date_gmt":"2019-09-13T15:55:07","guid":{"rendered":"https:\/\/zjarr.tv\/?p=106675"},"modified":"2019-09-13T17:55:07","modified_gmt":"2019-09-13T15:55:07","slug":"meta-nderon-shoqaten-bashkesia-dibrane-me-titullin-kalores-i-urdhrit-te-skenderbeut","status":"publish","type":"post","link":"https:\/\/zjarr.tv\/en\/meta-nderon-shoqaten-bashkesia-dibrane-me-titullin-kalores-i-urdhrit-te-skenderbeut\/","title":{"rendered":"Meta nderon shoqat\u00ebn \u2018Bashk\u00ebsia Dibrane\u2019 me titullin \u201cKalor\u00ebs i Urdhrit t\u00eb Sk\u00ebnderbeut\u201d."},"content":{"rendered":"<p>Presidenti Ilir Meta ka vler\u00ebsuar shoqat\u00ebn Bashk\u00ebsia Dibrane p\u00ebr kontributin e shquar atdhetar n\u00eb ruajtjen, kultivimin dhe promovimin e tradit\u00ebs dibrane, duke e nderuar me titullin \u201cKalor\u00ebs i Urdhrit t\u00eb Sk\u00ebnderbeut\u201d.<\/p>\n<p>\u2018P\u00ebr kontributin e shquar dhe atdhetar n\u00eb ruajtjen, kultivimin dhe promovimin e tradit\u00ebs dibrane, n\u00eb ve\u00e7anti t\u00eb vlerave t\u00eb Dibr\u00ebs s\u00eb Madhe, si dhe bashk\u00ebsis\u00eb tradicionale dibrane n\u00eb Tiran\u00eb, pata sot k\u00ebnaq\u00ebsin\u00eb dhe nderin t\u00eb vler\u00ebsoja Shoqat\u00ebn \u201cBashk\u00ebsia Dibrane\u201d dhe disa personalitete t\u00eb shquara t\u00eb k\u00ebsaj treve, me titullin Titullin \u201cKalor\u00ebs i Urdhrit t\u00eb Sk\u00ebnderbeut\u201d.<\/p>\n<p>P\u00ebr shqiptar\u00ebt Dibra \u00ebsht\u00eb shum\u00eb e shtrenjt\u00eb. Sepse mbijetesa e dibran\u00ebve \u00ebsht\u00eb e lidhur ngusht\u00eb me mbijetes\u00ebn e gjith\u00eb kombit shqiptar.<\/p>\n<p>Kjo q\u00ebndres\u00eb e p\u00ebrbashk\u00ebt i ka rr\u00ebnj\u00ebt tek shkalla e lart\u00eb e atdhedashuris\u00eb, solidariteti, sakrifica, p\u00ebrkushtimi dhe kontributi i gjith\u00eb brezave dibran\u00eb nd\u00ebr shekuj. Ata jan\u00eb ndjer\u00eb p\u00ebrher\u00eb ball\u00eblart dhe krenar\u00eb para historis\u00eb, sepse nuk ka etap\u00eb t\u00eb luft\u00ebs p\u00ebr liri t\u00eb kombit shqiptar q\u00eb ata t\u00eb mos ken\u00eb gjurm\u00ebt e kontributit t\u00eb tyre.<\/p>\n<p>Malet e Dibr\u00ebs ngel\u00ebn p\u00ebrher\u00eb bastioni dhe barrikadat e para t\u00eb betejave p\u00ebr liri e pavar\u00ebsi. Ndaj dhe un\u00eb jam shum\u00eb i lumtur q\u00eb u ngjita n\u00eb maj\u00ebn e Korabit, ku m\u00ebsova se maja m\u00eb e lart\u00eb \u00ebsht\u00eb 2764 metra, dhe jo 2751 metra.<\/p>\n<p>Korabi ishte \u201crritur\u201d dhe kjo \u00ebsht\u00eb shenj\u00eb e mir\u00eb.<\/p>\n<p>M\u00eb mir\u00eb t\u00eb rritet mali se sa t\u00eb zbres\u00eb, aq m\u00eb tep\u00ebr p\u00ebr ne q\u00eb e kemi origjin\u00ebn nga trevat malore dhe q\u00eb shpesh urojm\u00eb: &#8220;Malet tona m\u00eb t\u00eb larta&#8221;<\/p>\n<div class=\"fotogaleri\">\n<div class=\"bx-wrapper\">\n<div class=\"bx-viewport\">\n<ul class=\"read-slider\">\n<li><a href=\"https:\/\/www.syri.net\/uploads\/syri.net\/images\/2019\/September\/13\/kap41568389649.jpg\" data-lightbox=\"images\"><img decoding=\"async\" src=\"https:\/\/www.syri.net\/uploads\/syri.net\/images\/2019\/September\/13\/auto_kap41568389649.jpg\" \/><\/a><\/li>\n<\/ul>\n<\/div>\n<\/div>\n<\/div>","protected":false},"excerpt":{"rendered":"<p>Presidenti Ilir Meta ka vler\u00ebsuar shoqat\u00ebn Bashk\u00ebsia Dibrane p\u00ebr kontributin e shquar atdhetar n\u00eb ruajtjen, kultivimin dhe promovimin e tradit\u00ebs dibrane, duke e nderuar me titullin \u201cKalor\u00ebs i Urdhrit t\u00eb Sk\u00ebnderbeut\u201d. \u2018P\u00ebr kontributin e shquar dhe atdhetar n\u00eb ruajtjen, kultivimin dhe promovimin e tradit\u00ebs dibrane, n\u00eb ve\u00e7anti t\u00eb vlerave t\u00eb Dibr\u00ebs s\u00eb Madhe, si dhe [&hellip;]<\/p>\n","protected":false},"author":2013,"featured_media":106677,"comment_status":"open","ping_status":"closed","sticky":false,"template":"","format":"standard","meta":{"footnotes":""},"categories":[241,235],"tags":[],"class_list":{"0":"post-106675","1":"post","2":"type-post","3":"status-publish","4":"format-standard","5":"has-post-thumbnail","7":"category-aktualitet","8":"category-vendi"},"_links":{"self":[{"href":"https:\/\/zjarr.tv\/en\/wp-json\/wp\/v2\/posts\/106675","targetHints":{"allow":["GET"]}}],"collection":[{"href":"https:\/\/zjarr.tv\/en\/wp-json\/wp\/v2\/posts"}],"about":[{"href":"https:\/\/zjarr.tv\/en\/wp-json\/wp\/v2\/types\/post"}],"author":[{"embeddable":true,"href":"https:\/\/zjarr.tv\/en\/wp-json\/wp\/v2\/users\/2013"}],"replies":[{"embeddable":true,"href":"https:\/\/zjarr.tv\/en\/wp-json\/wp\/v2\/comments?post=106675"}],"version-history":[{"count":0,"href":"https:\/\/zjarr.tv\/en\/wp-json\/wp\/v2\/posts\/106675\/revisions"}],"wp:featuredmedia":[{"embeddable":true,"href":"https:\/\/zjarr.tv\/en\/wp-json\/wp\/v2\/media\/106677"}],"wp:attachment":[{"href":"https:\/\/zjarr.tv\/en\/wp-json\/wp\/v2\/media?parent=106675"}],"wp:term":[{"taxonomy":"category","embeddable":true,"href":"https:\/\/zjarr.tv\/en\/wp-json\/wp\/v2\/categories?post=106675"},{"taxonomy":"post_tag","embeddable":true,"href":"https:\/\/zjarr.tv\/en\/wp-json\/wp\/v2\/tags?post=106675"}],"curies":[{"name":"wp","href":"https:\/\/api.w.org\/{rel}","templated":true}]}}