{"id":106739,"date":"2019-09-14T14:48:30","date_gmt":"2019-09-14T12:48:30","guid":{"rendered":"https:\/\/zjarr.tv\/?p=106739"},"modified":"2019-09-14T14:48:30","modified_gmt":"2019-09-14T12:48:30","slug":"u-hapen-berisha-ironizon-me-video-deklaratat-e-edvin-mafise-ne-4-vitet-e-fundit-per-hapjen-e-negociatave","status":"publish","type":"post","link":"https:\/\/zjarr.tv\/en\/u-hapen-berisha-ironizon-me-video-deklaratat-e-edvin-mafise-ne-4-vitet-e-fundit-per-hapjen-e-negociatave\/","title":{"rendered":"U hap\u00ebn!!! Berisha ironizon me video: Deklaratat e Edvin Mafis\u00eb n\u00eb 4 vitet e fundit, p\u00ebr hapjen e negociatave!"},"content":{"rendered":"<p>Ish-kryeministri Sali Berisha \u00ebsht\u00eb treguar m\u00eb sarkastik se kurr\u00eb sot ndaj kryeministrit Edi Rama, duke publikuar me data dhe vite, deklaratat e guximshme q\u00eb i kishin shp\u00ebtuar prej padurimit, se &#8220;Shqip\u00ebris\u00eb i ishin\u00a0hapur\u00a0negociatat pa kushte\u201d me BE-n\u00eb.\u00a0 \u201cKat\u00ebr vite nga hapja e par\u00eb e negociatave me BE!\u201d &#8211; K\u00ebt\u00eb titull ironik i ka v\u00ebn\u00eb Berisha, sh\u00ebnimit t\u00eb m\u00ebposht\u00ebm:<\/p>\n<p>&#8220;Miq, k\u00ebtu me posht\u00eb keni deklaratat e Edvin Mafis\u00eb n\u00eb kat\u00ebr vitet e fundit p\u00ebr hapjen e negociatave!<\/p>\n<div class=\"in-artile-read-more\"><\/div>\n<p>29 n\u00ebntor 2016 &#8211; Edvin Mafia iu tha shqiptareve nga Berlini: Negociatat u hap\u00ebn pa kushte!!<\/p>\n<div id=\"rekl-13\">\n<div id=\"__sap-ad-15\" class=\"__sap-ads __sap-html tracked\" data-title=\"Credins desktop 08\"><ins><\/p>\n<div id=\"beacon_5af7736451\"><img loading=\"lazy\" decoding=\"async\" src=\"https:\/\/ads1.medium.al\/www\/delivery\/lg.php?bannerid=373&amp;campaignid=48&amp;zoneid=182&amp;loc=https%3A%2F%2Fwww.syri.net%2Fpolitike%2F280456%2Fu-hapen-berisha-ironizon-me-video-deklaratat-e-edvin-mafise-ne-4-vitet-e-fundit-per-hapjen-e-negociatave%2F&amp;referer=https%3A%2F%2Fwww.syri.net%2Flajme%2F&amp;cb=5af7736451\" alt=\"\" width=\"0\" height=\"0\" \/><\/div>\n<p><\/ins><\/div>\n<\/div>\n<div id=\"rekl-4\"><\/div>\n<p>N\u00eb pranvere t\u00eb 2017 n\u00eb Tiran\u00eb: Negociatat hapen n\u00eb vjesht\u00eb!!<\/p>\n<p>N\u00eb qershor 2018, e treta e v\u00ebrteta: Negociatat u hap\u00ebn pa kushte!!! Ceremoni madh\u00ebshtore, pritje zyrtare, miq t\u00eb huaj, europarlamentar\u00eb dhe mori dekoratash p\u00ebr disa ambasador\u00eb vendas dhe t\u00eb huaj, q\u00eb kontribuan n\u00eb hapjen e negociatave! Lum\u00eb shampanje dhe fishekzjarresh p\u00ebr t\u00eb festuar hapjen e negociatave!!!<\/p>\n<p>13 shtator 2019, Edvin Mafia nga Berlini: Do ket\u00eb nj\u00eb lum\u00eb kushtesh, kushte t\u00eb shumta, rroshin kushtet, rrofshin kushtet!!!<\/p>\n<p><iframe loading=\"lazy\" src=\"https:\/\/www.facebook.com\/plugins\/video.php?href=https%3A%2F%2Fwww.facebook.com%2FSaliBerisha%2Fvideos%2F492621674864372%2F&amp;show_text=0&amp;width=560\" width=\"560\" height=\"313\" frameborder=\"0\" scrolling=\"no\" allowfullscreen=\"allowfullscreen\" data-mce-fragment=\"1\"><\/iframe><\/p>","protected":false},"excerpt":{"rendered":"<p>Ish-kryeministri Sali Berisha \u00ebsht\u00eb treguar m\u00eb sarkastik se kurr\u00eb sot ndaj kryeministrit Edi Rama, duke publikuar me data dhe vite, deklaratat e guximshme q\u00eb i kishin shp\u00ebtuar prej padurimit, se &#8220;Shqip\u00ebris\u00eb i ishin\u00a0hapur\u00a0negociatat pa kushte\u201d me BE-n\u00eb.\u00a0 \u201cKat\u00ebr vite nga hapja e par\u00eb e negociatave me BE!\u201d &#8211; K\u00ebt\u00eb titull ironik i ka v\u00ebn\u00eb Berisha, [&hellip;]<\/p>\n","protected":false},"author":2013,"featured_media":65486,"comment_status":"open","ping_status":"closed","sticky":false,"template":"","format":"standard","meta":{"footnotes":""},"categories":[241,235],"tags":[],"class_list":{"0":"post-106739","1":"post","2":"type-post","3":"status-publish","4":"format-standard","5":"has-post-thumbnail","7":"category-aktualitet","8":"category-vendi"},"_links":{"self":[{"href":"https:\/\/zjarr.tv\/en\/wp-json\/wp\/v2\/posts\/106739","targetHints":{"allow":["GET"]}}],"collection":[{"href":"https:\/\/zjarr.tv\/en\/wp-json\/wp\/v2\/posts"}],"about":[{"href":"https:\/\/zjarr.tv\/en\/wp-json\/wp\/v2\/types\/post"}],"author":[{"embeddable":true,"href":"https:\/\/zjarr.tv\/en\/wp-json\/wp\/v2\/users\/2013"}],"replies":[{"embeddable":true,"href":"https:\/\/zjarr.tv\/en\/wp-json\/wp\/v2\/comments?post=106739"}],"version-history":[{"count":0,"href":"https:\/\/zjarr.tv\/en\/wp-json\/wp\/v2\/posts\/106739\/revisions"}],"wp:featuredmedia":[{"embeddable":true,"href":"https:\/\/zjarr.tv\/en\/wp-json\/wp\/v2\/media\/65486"}],"wp:attachment":[{"href":"https:\/\/zjarr.tv\/en\/wp-json\/wp\/v2\/media?parent=106739"}],"wp:term":[{"taxonomy":"category","embeddable":true,"href":"https:\/\/zjarr.tv\/en\/wp-json\/wp\/v2\/categories?post=106739"},{"taxonomy":"post_tag","embeddable":true,"href":"https:\/\/zjarr.tv\/en\/wp-json\/wp\/v2\/tags?post=106739"}],"curies":[{"name":"wp","href":"https:\/\/api.w.org\/{rel}","templated":true}]}}