{"id":106742,"date":"2019-09-14T14:51:23","date_gmt":"2019-09-14T12:51:23","guid":{"rendered":"https:\/\/zjarr.tv\/?p=106742"},"modified":"2019-09-14T14:51:23","modified_gmt":"2019-09-14T12:51:23","slug":"video-adoptoi-beben-e-braktisur-qe-sdo-te-ecte-kurre-beteja-e-nenes-se-mrekullueshme-me-paragjykimet","status":"publish","type":"post","link":"https:\/\/zjarr.tv\/en\/video-adoptoi-beben-e-braktisur-qe-sdo-te-ecte-kurre-beteja-e-nenes-se-mrekullueshme-me-paragjykimet\/","title":{"rendered":"VIDEO\/ Adoptoi beben e braktisur q\u00eb s&#8217;do t\u00eb ecte kurr\u00eb, beteja e n\u00ebn\u00ebs s\u00eb mrekullueshme me paragjykimet"},"content":{"rendered":"<p>Nj\u00eb \u00e7ift nga Fush\u00eb Kosova kujdeset p\u00ebr nj\u00eb vajz\u00eb, e cila ishte braktisur nga prind\u00ebrit e saj biologjik\u00eb. Vajza, tani 14-vje\u00e7e, \u00ebsht\u00eb me nevoja t\u00eb ve\u00e7anta. Por n\u00ebna Shaha tregon si e gjeti, si deshi, si e mori dhe sa po vuan tani ta integroj\u00eb n\u00eb shkoll\u00eb. Rr\u00ebfimi prek\u00ebs i nj\u00eb n\u00ebne t\u00eb jasht\u00ebzakonshme.<\/p>\n<p>&nbsp;<\/p>\n<p><iframe loading=\"lazy\" src=\"https:\/\/www.evropaelire.org\/embed\/player\/0\/30163014.html?type=video\" width=\"640\" height=\"360\" frameborder=\"0\" scrolling=\"no\" allowfullscreen=\"allowfullscreen\" data-mce-fragment=\"1\"><\/iframe><\/p>\n<div id=\"rekl-28\"><\/div>\n<div class=\"in-artile-read-more\"><\/div>","protected":false},"excerpt":{"rendered":"<p>Nj\u00eb \u00e7ift nga Fush\u00eb Kosova kujdeset p\u00ebr nj\u00eb vajz\u00eb, e cila ishte braktisur nga prind\u00ebrit e saj biologjik\u00eb. Vajza, tani 14-vje\u00e7e, \u00ebsht\u00eb me nevoja t\u00eb ve\u00e7anta. Por n\u00ebna Shaha tregon si e gjeti, si deshi, si e mori dhe sa po vuan tani ta integroj\u00eb n\u00eb shkoll\u00eb. Rr\u00ebfimi prek\u00ebs i nj\u00eb n\u00ebne t\u00eb jasht\u00ebzakonshme. &nbsp;<\/p>","protected":false},"author":2013,"featured_media":106743,"comment_status":"open","ping_status":"closed","sticky":false,"template":"","format":"standard","meta":{"footnotes":""},"categories":[241,235],"tags":[],"class_list":{"0":"post-106742","1":"post","2":"type-post","3":"status-publish","4":"format-standard","5":"has-post-thumbnail","7":"category-aktualitet","8":"category-vendi"},"_links":{"self":[{"href":"https:\/\/zjarr.tv\/en\/wp-json\/wp\/v2\/posts\/106742","targetHints":{"allow":["GET"]}}],"collection":[{"href":"https:\/\/zjarr.tv\/en\/wp-json\/wp\/v2\/posts"}],"about":[{"href":"https:\/\/zjarr.tv\/en\/wp-json\/wp\/v2\/types\/post"}],"author":[{"embeddable":true,"href":"https:\/\/zjarr.tv\/en\/wp-json\/wp\/v2\/users\/2013"}],"replies":[{"embeddable":true,"href":"https:\/\/zjarr.tv\/en\/wp-json\/wp\/v2\/comments?post=106742"}],"version-history":[{"count":0,"href":"https:\/\/zjarr.tv\/en\/wp-json\/wp\/v2\/posts\/106742\/revisions"}],"wp:featuredmedia":[{"embeddable":true,"href":"https:\/\/zjarr.tv\/en\/wp-json\/wp\/v2\/media\/106743"}],"wp:attachment":[{"href":"https:\/\/zjarr.tv\/en\/wp-json\/wp\/v2\/media?parent=106742"}],"wp:term":[{"taxonomy":"category","embeddable":true,"href":"https:\/\/zjarr.tv\/en\/wp-json\/wp\/v2\/categories?post=106742"},{"taxonomy":"post_tag","embeddable":true,"href":"https:\/\/zjarr.tv\/en\/wp-json\/wp\/v2\/tags?post=106742"}],"curies":[{"name":"wp","href":"https:\/\/api.w.org\/{rel}","templated":true}]}}