{"id":106746,"date":"2019-09-14T14:53:08","date_gmt":"2019-09-14T12:53:08","guid":{"rendered":"https:\/\/zjarr.tv\/?p=106746"},"modified":"2019-09-14T14:53:08","modified_gmt":"2019-09-14T12:53:08","slug":"e-takove-ate-cobanin-e-vockel-zbardhen-pergjimet-e-trafikanteve-te-operacionit-limit","status":"publish","type":"post","link":"https:\/\/zjarr.tv\/en\/e-takove-ate-cobanin-e-vockel-zbardhen-pergjimet-e-trafikanteve-te-operacionit-limit\/","title":{"rendered":"\u201cE takove at\u00eb \u00e7obanin e vock\u00ebl\u201d Zbardhen p\u00ebrgjimet e trafikant\u00ebve t\u00eb operacionit \u201cLimit\u201d"},"content":{"rendered":"<p>operacioni \u201cLimit\u201d q\u00eb coi n\u00eb pranga 58 persona n\u00eb tre vite, n\u00ebn akuz\u00ebn p\u00ebr trafik t\u00eb l\u00ebnd\u00ebve narkotike dhe kalim t\u00eb paligjsh\u00ebm t\u00eb emigrant\u00ebve nga Lindja e Mesme drejt Europ\u00ebs.<\/p>\n<div id=\"sovrn\" class=\"desktop_ad ad_bottom_space\"><ins><\/p>\n<div id=\"beacon_8936c47d77\"><img loading=\"lazy\" decoding=\"async\" src=\"https:\/\/ads.balkanweb.com\/www\/delivery\/lg.php?bannerid=0&amp;campaignid=0&amp;zoneid=426&amp;loc=https%3A%2F%2Fbalkanweb.com%2Fe-takove-ate-cobanin-e-vockel-zbardhen-pergjimet-e-trafikanteve-te-operacionit-limit%2F&amp;referer=https%3A%2F%2Fbalkanweb.com%2Fkategoria%2Fshqiperia%2F&amp;cb=8936c47d77\" alt=\"\" width=\"0\" height=\"0\" \/><\/div>\n<p><\/ins><\/div>\n<p>N\u00eb dosje jan\u00eb t\u00eb transkriptuara bisedat mes an\u00ebtar\u00ebve t\u00eb grupit t\u00eb strukturuar kriminal t\u00eb cil\u00ebt bisedojn\u00eb mes tyre, p\u00ebr m\u00ebnyrat e trafikimit.<\/p>\n<p>N\u00eb bised\u00ebn e dat\u00ebs 19\/12\/2018 rreth mesdit\u00ebs t\u00eb zhvilluar mes Olger Bamllari dhe shtetasit me emrin \u201cBledi\u201d, Olgeri e pyet n\u00ebse e kishte takuar at\u00eb \u2018\u00e7obanin e vock\u00ebl\u2019 dhe ai i thot\u00eb dje e kishte takuar. Olgeri i thot\u00eb ta marr\u00eb t\u00eb t\u2019i b\u00ebj\u00eb nj\u00eb program p\u00ebr t\u00eb folur, por Bledi i thot\u00eb se po pret t\u00eb marr\u00eb nj\u00eb telefon tjet\u00ebr ku nd\u00ebr t\u00eb tjera komunikojn\u00eb:<\/p>\n<p><strong>Olgeri:<\/strong>\u00a0Eee! Je takuar me ata ?<br \/>\n<strong>Bledi:<\/strong>\u00a0Me k\u00eb mo?<br \/>\n<strong>Olgeri:<\/strong>\u00a0Me at\u00eb \u00e7obanin e vock\u00ebl<br \/>\n<strong>Bledi:<\/strong>\u00a0Dje mo u takova me at\u00eb<\/p>\n<div id=\"pa_1x1_psbk_1568465568678\"><\/div>\n<p><strong>Olgeri:<\/strong>\u00a0Po mir\u00eb mo merre nj\u00eb her\u00eb n\u00eb telefon t\u00eb t\u00eb b\u00ebj\u00eb nj\u00eb ashtu<br \/>\n<strong>Bledi:<\/strong>\u00a0\u00c7art \u00eb m\u00eb b\u00ebj\u00eb?<br \/>\n<strong>Olgeri:<\/strong>\u00a0Po k\u00ebshtu o nj\u00eb ka\u2026 nj\u00eb nga ato, program<br \/>\n<strong>Bledi:<\/strong>\u00a0Po ja mo se po pres t\u00eb m\u00eb sjellin nj\u00eb telefon e do t\u2019i vete direkt. Kupton,o? Po pres t\u00eb m\u00eb sjellin nj\u00eb telefon<br \/>\n<strong>Olgeri:<\/strong>\u00a0Mir\u00eb o ksa. Mir\u00eb ksa.Aj<\/p>\n<p>Sipas hetimeve aktiviteti kriminal i k\u00ebtyre grupeve realizohej duke siguruar fara t\u00eb bim\u00ebs narkotike kanabis n\u00eb Holand\u00eb, t\u00eb cilat kalonin tranzit fillimisht drejt Greqis\u00eb dhe m\u00eb pas n\u00eb Shqip\u00ebri, ku dhe kultivoheshin.<\/p>","protected":false},"excerpt":{"rendered":"<p>operacioni \u201cLimit\u201d q\u00eb coi n\u00eb pranga 58 persona n\u00eb tre vite, n\u00ebn akuz\u00ebn p\u00ebr trafik t\u00eb l\u00ebnd\u00ebve narkotike dhe kalim t\u00eb paligjsh\u00ebm t\u00eb emigrant\u00ebve nga Lindja e Mesme drejt Europ\u00ebs. N\u00eb dosje jan\u00eb t\u00eb transkriptuara bisedat mes an\u00ebtar\u00ebve t\u00eb grupit t\u00eb strukturuar kriminal t\u00eb cil\u00ebt bisedojn\u00eb mes tyre, p\u00ebr m\u00ebnyrat e trafikimit. N\u00eb bised\u00ebn e [&hellip;]<\/p>\n","protected":false},"author":2013,"featured_media":106747,"comment_status":"open","ping_status":"closed","sticky":false,"template":"","format":"standard","meta":{"footnotes":""},"categories":[241,235],"tags":[],"class_list":{"0":"post-106746","1":"post","2":"type-post","3":"status-publish","4":"format-standard","5":"has-post-thumbnail","7":"category-aktualitet","8":"category-vendi"},"_links":{"self":[{"href":"https:\/\/zjarr.tv\/en\/wp-json\/wp\/v2\/posts\/106746","targetHints":{"allow":["GET"]}}],"collection":[{"href":"https:\/\/zjarr.tv\/en\/wp-json\/wp\/v2\/posts"}],"about":[{"href":"https:\/\/zjarr.tv\/en\/wp-json\/wp\/v2\/types\/post"}],"author":[{"embeddable":true,"href":"https:\/\/zjarr.tv\/en\/wp-json\/wp\/v2\/users\/2013"}],"replies":[{"embeddable":true,"href":"https:\/\/zjarr.tv\/en\/wp-json\/wp\/v2\/comments?post=106746"}],"version-history":[{"count":0,"href":"https:\/\/zjarr.tv\/en\/wp-json\/wp\/v2\/posts\/106746\/revisions"}],"wp:featuredmedia":[{"embeddable":true,"href":"https:\/\/zjarr.tv\/en\/wp-json\/wp\/v2\/media\/106747"}],"wp:attachment":[{"href":"https:\/\/zjarr.tv\/en\/wp-json\/wp\/v2\/media?parent=106746"}],"wp:term":[{"taxonomy":"category","embeddable":true,"href":"https:\/\/zjarr.tv\/en\/wp-json\/wp\/v2\/categories?post=106746"},{"taxonomy":"post_tag","embeddable":true,"href":"https:\/\/zjarr.tv\/en\/wp-json\/wp\/v2\/tags?post=106746"}],"curies":[{"name":"wp","href":"https:\/\/api.w.org\/{rel}","templated":true}]}}