{"id":106749,"date":"2019-09-14T14:54:07","date_gmt":"2019-09-14T12:54:07","guid":{"rendered":"https:\/\/zjarr.tv\/?p=106749"},"modified":"2019-09-14T14:54:07","modified_gmt":"2019-09-14T12:54:07","slug":"oshee-nis-instalimin-e-matesve-inteligjente-ne-kashar-e-vore-balluku-ndryshim-rrenjesor-ne-faturimin-e-abonenteve","status":"publish","type":"post","link":"https:\/\/zjarr.tv\/en\/oshee-nis-instalimin-e-matesve-inteligjente-ne-kashar-e-vore-balluku-ndryshim-rrenjesor-ne-faturimin-e-abonenteve\/","title":{"rendered":"OSHEE nis instalimin e mat\u00ebsve inteligjent\u00eb n\u00eb Kashar e Vor\u00eb, Balluku: Ndryshim rr\u00ebnj\u00ebsor n\u00eb faturimin e abonent\u00ebve"},"content":{"rendered":"<p>Pas p\u00ebrfundimit t\u00eb faz\u00ebs s\u00eb par\u00eb n\u00eb zon\u00ebn e Durr\u00ebsit, Operatori i Shp\u00ebrndarjes s\u00eb Energjis\u00eb Elektrike ka nisur aplikimin e projektit pilot p\u00ebr instalimin e mat\u00ebsave inteligjent\u00eb n\u00eb zon\u00ebn Kashar-Vor\u00eb. Aktualisht jan\u00eb n\u00eb fund t\u00eb procesit t\u00eb instalimit 3527 mat\u00ebsa inteligjent, ku mes tyre p\u00ebrfshihen 1000 subjekte private dhe rreth 20 shtet\u00ebrore.<\/p>\n<div id=\"sovrn\" class=\"desktop_ad ad_bottom_space\"><ins><\/p>\n<div id=\"beacon_0570c8714b\"><\/div>\n<p><\/ins><\/div>\n<p>Procesi i instalimit t\u00eb k\u00ebtyre mat\u00ebsave u ndoq nga af\u00ebr nga ministrja e Infrastruktur\u00ebs dhe Energjis\u00eb, Belinda Balluku, e cila u njoh me ecurin\u00eb e pun\u00ebs dhe m\u00ebnyr\u00ebn e aplikimit t\u00eb tij.<br \/>\nKy sistem i ri p\u00ebr matjen e energjis\u00eb elektrike, i cili n\u00eb zon\u00ebn e Durr\u00ebsit, Vor\u00ebs dhe Kasharit po aplikohet n\u00eb m\u00ebnyr\u00eb t\u00eb suksesshme, \u00ebsht\u00eb cil\u00ebsuar nga ministrja Balluku si nj\u00eb komponent tjet\u00ebr i r\u00ebnd\u00ebsish\u00ebm i reform\u00ebs n\u00eb sektorin energjetik.<\/p>\n<p>\u201cKy \u00ebsht\u00eb nj\u00eb sistem i cili nuk l\u00eb asnj\u00eb rrug\u00eb p\u00ebr abuzime, qoft\u00eb nga abonenti por qoft\u00eb edhe nga punonj\u00ebsit e OSHEE-s\u00eb. Tashm\u00eb faturat printohen direkt sipas t\u00eb dh\u00ebnave q\u00eb ky sistem nxjerr. P\u00ebr m\u00eb tep\u00ebr sistemi i mat\u00ebsave inteligjent\u00eb ofron gjithashtu kontrollin e automatizuar p\u00ebr t\u00eb gjitha problemet gjat\u00eb shk\u00ebputjes s\u00eb energjis\u00eb elektrike apo rilidhjes s\u00eb saj nga qendra\u201d, u shpreh Balluku.<\/p>\n<div id=\"pa_1x1_psbk_1568465618630\"><\/div>\n<p>Mat\u00ebsit inteligjent\u00eb b\u00ebjn\u00eb t\u00eb mundur gjithashtu matjen e energjis\u00eb elektrike n\u00eb \u00e7do moment duke i dh\u00ebn\u00eb mund\u00ebsi k\u00ebshtu Operatorit t\u00eb Shp\u00ebrndarjes p\u00ebr nj\u00eb menaxhim m\u00eb t\u00eb mir\u00eb gjat\u00eb periudhave t\u00eb ngarkesave n\u00eb rrjet.<\/p>\n<p>\u201cProjekti i Durr\u00ebsit dhe projekti i Kashar-Vor\u00ebs, jan\u00eb dy projektet e para pilot p\u00ebr t\u00eb vijuar m\u00eb tej dhe n\u00eb bashk\u00ebpunim me Bank\u00ebn Bot\u00ebrore p\u00ebr t\u2019a aplikuar n\u00eb t\u00eb gjith\u00eb territorin e Republik\u00ebs s\u00eb Shqip\u00ebris\u00eb mat\u00ebsit inteligjent\u00eb t\u00eb cil\u00ebt kan\u00eb t\u00eb gjitha k\u00ebto veti t\u00eb dobishme si p\u00ebr abonentin ashtu dhe p\u00ebr sistemin e shp\u00ebrndarjes\u201d, theksoi m\u00eb tej ministrja e Infrastruktur\u00ebs dhe Energjis\u00eb.<\/p>\n<p>Nga ana tjet\u00ebr, ky projekt i mund\u00ebson OSHEE p\u00ebrmir\u00ebsimin e procesit t\u00eb matjes dhe grumbullimit t\u00eb ark\u00ebtimeve duke reduktuar kostot n\u00eb terren si dhe duke rritur sakt\u00ebsin\u00eb e faturave.<\/p>\n<p>\u201cPa diskutim q\u00eb na ulin kostot operacionale, ulin kontaktet q\u00eb bizneset kan\u00eb me punonj\u00ebsit tan\u00eb n\u00eb m\u00ebnyr\u00eb q\u00eb t\u00eb shmanget \u00e7do mund\u00ebsi p\u00ebr abuzim. Ne kemi n\u00eb \u00e7do minut\u00eb, n\u00eb \u00e7do or\u00eb, n\u00eb \u00e7do koh\u00eb t\u00eb gjith\u00eb situat\u00ebn n\u00eb kontroll, bashk\u00eb me rrjetin e tensionit t\u00eb ul\u00ebt dhe atij t\u00eb mes\u00ebm p\u00ebr t\u00eb parandaluar qoft\u00eb mbingarkesat, qoft\u00eb defektet q\u00eb mund t\u00eb paraqiten aty apo qoft\u00eb edhe abuzimet q\u00eb mund t\u00eb ndodhin n\u00eb sistemin mat\u00ebs\u201d, b\u00ebri t\u00eb ditur drejtori i OSHEE p\u00ebr rajonin e Tiran\u00ebs, Klevis Jahaj.<br \/>\nKy model mat\u00ebsi i energjis\u00eb \u00ebsht\u00eb b\u00ebn t\u00eb mundur edhe matjen me 2 kahe, \u00e7ka krijon hap\u00ebsirat e nevojshme p\u00ebr p\u00ebrdoruesit q\u00eb d\u00ebshirojn\u00eb t\u00eb instalojn\u00eb impiante fotovoltaik\u00eb p\u00ebr vetkonsum.<\/p>","protected":false},"excerpt":{"rendered":"<p>Pas p\u00ebrfundimit t\u00eb faz\u00ebs s\u00eb par\u00eb n\u00eb zon\u00ebn e Durr\u00ebsit, Operatori i Shp\u00ebrndarjes s\u00eb Energjis\u00eb Elektrike ka nisur aplikimin e projektit pilot p\u00ebr instalimin e mat\u00ebsave inteligjent\u00eb n\u00eb zon\u00ebn Kashar-Vor\u00eb. Aktualisht jan\u00eb n\u00eb fund t\u00eb procesit t\u00eb instalimit 3527 mat\u00ebsa inteligjent, ku mes tyre p\u00ebrfshihen 1000 subjekte private dhe rreth 20 shtet\u00ebrore. Procesi i instalimit [&hellip;]<\/p>\n","protected":false},"author":2013,"featured_media":106751,"comment_status":"open","ping_status":"closed","sticky":false,"template":"","format":"standard","meta":{"footnotes":""},"categories":[241,235],"tags":[],"class_list":{"0":"post-106749","1":"post","2":"type-post","3":"status-publish","4":"format-standard","5":"has-post-thumbnail","7":"category-aktualitet","8":"category-vendi"},"_links":{"self":[{"href":"https:\/\/zjarr.tv\/en\/wp-json\/wp\/v2\/posts\/106749","targetHints":{"allow":["GET"]}}],"collection":[{"href":"https:\/\/zjarr.tv\/en\/wp-json\/wp\/v2\/posts"}],"about":[{"href":"https:\/\/zjarr.tv\/en\/wp-json\/wp\/v2\/types\/post"}],"author":[{"embeddable":true,"href":"https:\/\/zjarr.tv\/en\/wp-json\/wp\/v2\/users\/2013"}],"replies":[{"embeddable":true,"href":"https:\/\/zjarr.tv\/en\/wp-json\/wp\/v2\/comments?post=106749"}],"version-history":[{"count":0,"href":"https:\/\/zjarr.tv\/en\/wp-json\/wp\/v2\/posts\/106749\/revisions"}],"wp:featuredmedia":[{"embeddable":true,"href":"https:\/\/zjarr.tv\/en\/wp-json\/wp\/v2\/media\/106751"}],"wp:attachment":[{"href":"https:\/\/zjarr.tv\/en\/wp-json\/wp\/v2\/media?parent=106749"}],"wp:term":[{"taxonomy":"category","embeddable":true,"href":"https:\/\/zjarr.tv\/en\/wp-json\/wp\/v2\/categories?post=106749"},{"taxonomy":"post_tag","embeddable":true,"href":"https:\/\/zjarr.tv\/en\/wp-json\/wp\/v2\/tags?post=106749"}],"curies":[{"name":"wp","href":"https:\/\/api.w.org\/{rel}","templated":true}]}}