{"id":106755,"date":"2019-09-14T14:55:55","date_gmt":"2019-09-14T12:55:55","guid":{"rendered":"https:\/\/zjarr.tv\/?p=106755"},"modified":"2019-09-14T14:55:55","modified_gmt":"2019-09-14T12:55:55","slug":"filloi-te-thyhet-kodi-i-heshtjes-i-cosa-nostra-albania","status":"publish","type":"post","link":"https:\/\/zjarr.tv\/en\/filloi-te-thyhet-kodi-i-heshtjes-i-cosa-nostra-albania\/","title":{"rendered":"Filloi t\u00eb thyhet kodi i heshtjes i &#8216;Cosa Nostra Albania&#8217;!"},"content":{"rendered":"<p><strong>Nga Dritan Demiraj, ish-Minist\u00ebr i Brendsh\u00ebm.<\/strong><\/p>\n<p>Kodi i heshtjes \u201cOMERTA\u201d i \u201cCosa Nostra Albania\u201d, filloi t\u00eb thyhet!!! Me gjith\u00eb kujdesin e Shtatlart\u00ebsis\u00eb dhe organizat\u00ebs \u201cRripjellja\u201d p\u00ebr t\u00eb mbrojtur an\u00ebtar\u00ebt e \u201cfamiljeve mafioze\u201dp\u00ebr t\u2019i patur n\u00ebn kontroll n\u00ebp\u00ebrmjet ligjit t\u00eb heshtjes apo \u201cOmerta\u201d, frika e vendosjes s\u00eb \u201cbyzylyk\u00ebve, nxorri protagonist dy ish-ministra t\u00eb qeveris\u00eb \u201cHASHASHI\u201d!!!<\/p>\n<div id=\"rekl-28\"><\/div>\n<p>Gjat\u00eb seanc\u00ebs gjyq\u00ebsore, ish-ministri i Brendsh\u00ebm n\u00ebn hetim Saimir Tahiri thekson se; \u201cUn\u00eb, me shkres\u00ebn e dat\u00ebs 29\/10\/2013, n\u00eb koh\u00ebn q\u00eb kam qen\u00eb minist\u00ebr i Brendsh\u00ebm, me dat\u00eb 29\/10\/2013, i kam d\u00ebrguar nj\u00eb shkres\u00eb konfidenciale koleges sime, ish-ministres Mimi Kordheli. N\u00eb k\u00ebt\u00eb shkres\u00eb, e kam v\u00ebn\u00eb n\u00eb dijeni se radar\u00ebt e ushtris\u00eb nuk punonin, pasi Policia kishte konstatuar mosfunksionimin e tyre, duke hapur nj\u00eb rrug\u00eb t\u00eb re p\u00ebr trafikun e drog\u00ebs.\u201d<\/p>\n<div id=\"rekl-13\">\n<div id=\"__sap-ad-15\" class=\"__sap-ads __sap-html tracked\" data-title=\"Credins desktop 08\"><ins><\/p>\n<div id=\"beacon_2e18e6442a\"><img loading=\"lazy\" decoding=\"async\" src=\"https:\/\/ads1.medium.al\/www\/delivery\/lg.php?bannerid=373&amp;campaignid=48&amp;zoneid=182&amp;loc=https%3A%2F%2Fwww.syri.net%2Fpolitike%2F280462%2Ffilloi-te-thyhet-kodi-i-heshtjes-i-cosa-nostra-albania%2F&amp;referer=https%3A%2F%2Fwww.syri.net%2Flajme%2F&amp;cb=2e18e6442a\" alt=\"\" width=\"0\" height=\"0\" \/><\/div>\n<p><\/ins><\/div>\n<\/div>\n<p>Por, shoqja Kordheli si gjithmon\u00eb e v\u00ebmendshme p\u00ebr t\u2019u ekspozuar si \u201cpuritane\u201d vrapon n\u00eb media (News 24 TV), p\u00ebr t\u00eb larguar p\u00ebrgjegj\u00ebsit\u00eb e saj dhe p\u00ebr t\u2019u mbrojtur nga \u201cgjynahet\u201d e pafundme q\u00eb i ka krijuar Forcave t\u00eb Armatosuara dhe Shqip\u00ebris\u00eb.<\/p>\n<p>Me t\u00eb ardhur n\u00eb pushtet, ti anullove n\u00eb m\u00ebnyr\u00eb t\u00eb jasht\u00ebligjshme procedur\u00ebn e mir\u00ebmbajtjes s\u00eb Sistemit t\u00eb V\u00ebzhgimit t\u00eb Hap\u00ebsir\u00ebs Detare me arsyetimin e \u201cmunges\u00ebs s\u00eb fondeve\u201d, ku fondet ishin t\u00eb planifikuara n\u00eb buxhet por i b\u00ebre tualet modern p\u00ebr t\u2019u relaksuar n\u00eb MM. Pse nuk flisni p\u00ebr proceduara dhe fondin shum\u00eb m\u00eb t\u00eb lart\u00eb q\u00eb p\u00ebrdor\u00ebt disa muaj m\u00eb von\u00eb, duke ia dh\u00ebn\u00eb k\u00ebt\u00eb sh\u00ebrbim nj\u00eb dyqani celular\u00ebsh, e cila ishte p\u00ebrjashtuar nga procedura dhe duke larguar gjigantin bot\u00ebror \u201cLockheed Martin Corporation\u201d<\/p>\n<div class=\"fotogaleri\">\n<div class=\"bx-wrapper\">\n<div class=\"bx-viewport\">\n<ul class=\"read-slider\">\n<li><a href=\"https:\/\/www.syri.net\/uploads\/syri.net\/images\/2019\/September\/14\/69808627_2900572836623891_4494553146344865792_n1568465421.jpg\" data-lightbox=\"images\"><img decoding=\"async\" src=\"https:\/\/www.syri.net\/uploads\/syri.net\/images\/2019\/September\/14\/auto_69808627_2900572836623891_4494553146344865792_n1568465421.jpg\" \/><i class=\"fa fa-search-plus syri_zoom\" aria-hidden=\"true\"><\/i><\/a><\/li>\n<\/ul>\n<\/div>\n<div class=\"bx-controls bx-has-pager bx-has-controls-direction\">\n<div class=\"bx-pager bx-default-pager\"><\/div>\n<\/div>\n<\/div>\n<\/div>\n<p>Ju treshja e mamuth\u00ebve t\u00eb korrupsionit n\u00eb Ministrin e Mbrojtjes (Kodheli \u2013 Kraja \u2013 Pijaneci Bazo), me skema-pro\u00e7edura t\u00eb ngjashme korrupsioni \u201cCosa Nostra\u201d, keni c\u00ebnuar sigurin\u00eb komb\u00ebtare duke nxjerr\u00eb totalisht jasht\u00eb funksionit sistemin e Monitorimit t\u00eb Hap\u00ebsir\u00ebs Detare.<\/p>\n<p>Gjithashtu, arrit\u00ebt deri aty sa mashtruat disa her\u00eb dhe AKPE-in n\u00eb lidhje me nd\u00ebrtimin, instalimin dhe shfryt\u00ebzimin e dyansh\u00ebm (civil dhe p\u00ebr FA) t\u00eb sistemeve t\u00eb radio-komunikimit p\u00ebr sh\u00ebrbime me qarqe dixhitale brenda territoreve ushtarake t\u00eb FA dhe p\u00ebrdorimin e frekuencave t\u00eb \u201cpa lejuara\u201d nga subjekti privat p\u00ebr vitet 2014-2015 p\u00ebr interesa p\u00ebrdorimi nga FA.<\/p>\n<p>P\u00ebr rikujtes\u00eb t\u00eb Mimi Kordhelit dhe p\u00ebr mbar\u00eb opinionin komb\u00ebtar shqiptar, gjat\u00eb koh\u00ebs q\u00eb kam ushtruar detyr\u00ebn e Ministrit t\u00eb Brendsh\u00ebm me shkres\u00ebn dat\u00eb 31\/08\/ 2017, ju kam informuar dhe ju kam k\u00ebrkuar t\u00eb merrni urgjentisht masa p\u00ebr v\u00ebnien n\u00eb funksionim t\u00eb Sistemit t\u00eb Monitorimit t\u00eb Radar\u00ebve, pasi sipas konstatimit t\u00eb Drejtoris\u00eb s\u00eb P\u00ebrgjithshme t\u00eb Policis\u00eb Shtetit, sistemi ishte jasht\u00eb funksionimit dhe madje prek koh\u00ebsh, pasi sipas tyre kjo b\u00ebhej me q\u00ebllim t\u00eb mos ndalohej trafiku i drog\u00ebs n\u00eb vendin ton\u00eb, n\u00eb t\u00eb cilin dhe ti ke &#8220;kontribuar&#8221; jo pak.<\/p>\n<p>Deri m\u00eb sot, opinion publik nuk \u00ebsht\u00eb sqaruar asnj\u00ebher\u00eb mbi arsyet e shkarkimit tuaj si ministre, apo meqen\u00ebse e pate orientuar gabim kolegun dhe mikun tuaj Tahirin, duke i fikur radar\u00ebt dhe ai shkoi n\u00eb rrug\u00eb t\u00eb gabuar apo nuk kishit drita, pasi \u00e7el\u00ebsin e dritave e mbante Damian Gjiknuri i partis\u00eb me \u00e7unat problematik?<\/p>\n<p>Dhe nj\u00eb k\u00ebshill\u00eb, mos imito n\u00eb fjalor lartgjat\u00ebsin\u00eb tuaj, duke p\u00ebrdorur shprehjet e r\u00ebndomta \u201cgjuajte n\u00ebn brez\u201d , pasi ju shquheni si \u201cportiere\u201d e st\u00ebrvitur!!. Ju kujtoj se n\u00ebse drejt\u00ebsia shqip\u00ebtare do t\u00eb vihet ndonj\u00eb dit\u00eb, nuk do t\u00eb kishte avokat q\u00eb t\u00eb t\u00eb marr\u00eb n\u00eb mbrojtje, pasi \u00e7\u00ebshtja do t\u00eb ishte e humbur!<\/p>\n<p>\u201cByzylyk\u00ebt\u201d \u00ebsht\u00eb mir\u00eb t&#8217;i vajisni q\u00eb mos t&#8217;u shkaktojn\u00eb dhimbje! Sa p\u00ebr v\u00ebnien e dor\u00ebs p\u00ebr betim mbi Kushtetut\u00eb t\u00eb ministrave hajdut\u00eb t\u00eb kategoris\u00eb tuaj, e keni b\u00ebr\u00eb Kushtetut\u00ebn si \u201cshami hund\u00ebsh!!<\/p>","protected":false},"excerpt":{"rendered":"<p>Nga Dritan Demiraj, ish-Minist\u00ebr i Brendsh\u00ebm. Kodi i heshtjes \u201cOMERTA\u201d i \u201cCosa Nostra Albania\u201d, filloi t\u00eb thyhet!!! Me gjith\u00eb kujdesin e Shtatlart\u00ebsis\u00eb dhe organizat\u00ebs \u201cRripjellja\u201d p\u00ebr t\u00eb mbrojtur an\u00ebtar\u00ebt e \u201cfamiljeve mafioze\u201dp\u00ebr t\u2019i patur n\u00ebn kontroll n\u00ebp\u00ebrmjet ligjit t\u00eb heshtjes apo \u201cOmerta\u201d, frika e vendosjes s\u00eb \u201cbyzylyk\u00ebve, nxorri protagonist dy ish-ministra t\u00eb qeveris\u00eb \u201cHASHASHI\u201d!!! Gjat\u00eb [&hellip;]<\/p>\n","protected":false},"author":2013,"featured_media":50262,"comment_status":"open","ping_status":"closed","sticky":false,"template":"","format":"standard","meta":{"footnotes":""},"categories":[241,235],"tags":[],"class_list":{"0":"post-106755","1":"post","2":"type-post","3":"status-publish","4":"format-standard","5":"has-post-thumbnail","7":"category-aktualitet","8":"category-vendi"},"_links":{"self":[{"href":"https:\/\/zjarr.tv\/en\/wp-json\/wp\/v2\/posts\/106755","targetHints":{"allow":["GET"]}}],"collection":[{"href":"https:\/\/zjarr.tv\/en\/wp-json\/wp\/v2\/posts"}],"about":[{"href":"https:\/\/zjarr.tv\/en\/wp-json\/wp\/v2\/types\/post"}],"author":[{"embeddable":true,"href":"https:\/\/zjarr.tv\/en\/wp-json\/wp\/v2\/users\/2013"}],"replies":[{"embeddable":true,"href":"https:\/\/zjarr.tv\/en\/wp-json\/wp\/v2\/comments?post=106755"}],"version-history":[{"count":0,"href":"https:\/\/zjarr.tv\/en\/wp-json\/wp\/v2\/posts\/106755\/revisions"}],"wp:featuredmedia":[{"embeddable":true,"href":"https:\/\/zjarr.tv\/en\/wp-json\/wp\/v2\/media\/50262"}],"wp:attachment":[{"href":"https:\/\/zjarr.tv\/en\/wp-json\/wp\/v2\/media?parent=106755"}],"wp:term":[{"taxonomy":"category","embeddable":true,"href":"https:\/\/zjarr.tv\/en\/wp-json\/wp\/v2\/categories?post=106755"},{"taxonomy":"post_tag","embeddable":true,"href":"https:\/\/zjarr.tv\/en\/wp-json\/wp\/v2\/tags?post=106755"}],"curies":[{"name":"wp","href":"https:\/\/api.w.org\/{rel}","templated":true}]}}