{"id":106761,"date":"2019-09-14T14:57:57","date_gmt":"2019-09-14T12:57:57","guid":{"rendered":"https:\/\/zjarr.tv\/?p=106761"},"modified":"2019-09-14T14:57:57","modified_gmt":"2019-09-14T12:57:57","slug":"zbrit-urgjent-biseda-e-trafikantit-te-limit-pasi-i-arrestojne-xhaxhain-spiunllek-ska-tjeter","status":"publish","type":"post","link":"https:\/\/zjarr.tv\/en\/zbrit-urgjent-biseda-e-trafikantit-te-limit-pasi-i-arrestojne-xhaxhain-spiunllek-ska-tjeter\/","title":{"rendered":"\u201cZbrit urgjent\u201d Biseda e trafikantit t\u00eb \u201cLimit\u201d pasi i arrestojn\u00eb xhaxhain: Spiunll\u00ebk s\u2019ka tjet\u00ebr!"},"content":{"rendered":"<p>operacioni \u201cLimit\u201d q\u00eb coi n\u00eb pranga 58 persona, n\u00ebn akuz\u00ebn p\u00ebr trafik t\u00eb l\u00ebnd\u00ebve narkotike dhe kalim t\u00eb paligjsh\u00ebm t\u00eb emigrant\u00ebve nga Lindja e Mesme drejt Europ\u00ebs.<\/p>\n<div id=\"sovrn\" class=\"desktop_ad ad_bottom_space\"><ins><\/p>\n<div id=\"beacon_ab640aed5d\"><img loading=\"lazy\" decoding=\"async\" src=\"https:\/\/ads.balkanweb.com\/www\/delivery\/lg.php?bannerid=0&amp;campaignid=0&amp;zoneid=426&amp;loc=https%3A%2F%2Fbalkanweb.com%2Fzbrit-urgjent-biseda-e-trafikantit-te-limit-pasi-i-arrestojne-xhaxhain-spiunllek-ska-tjeter%2F&amp;referer=https%3A%2F%2Fbalkanweb.com%2Fkategoria%2Fshqiperia%2F&amp;cb=ab640aed5d\" alt=\"\" width=\"0\" height=\"0\" \/><\/div>\n<p><\/ins><\/div>\n<p>N\u00eb vijim t\u00eb p\u00ebrgjimeve t\u00eb p\u00ebrgjimeve, prokuroria ka transkriptuar bised\u00ebn e Olger Braimllarit, menj\u00ebher\u00eb sapo ka marr\u00eb vesh se xhaxhai i tij Genci Bamllari \u00ebsht\u00eb arrestuar. Ai komunikon me telefon me Aleksand\u00ebr Pepin, edhe ky i arrestuar n\u00eb vijim t\u00eb hetimeve. N\u00eb bised\u00eb Olgeri i k\u00ebrkon Aleksandrit t\u00eb dal\u00eb me urgjenc\u00eb, c\u2019ka p\u00ebr prokurorin\u00eb ka ngritur dyshime si person i p\u00ebrfshir\u00eb n\u00eb grupin e strukturuar kriminal. Aleksand\u00ebr Pepi ishte gjithashtu i njohur me emrin (Bani) Biseda telefonike \u00ebsht\u00eb regjistruar m\u00eb 17 dhjetor 2018.<\/p>\n<p><strong>Bani:<\/strong>\u00a0\u00cb mo vlla!<br \/>\n<strong>Olgeri:<\/strong>\u00a0Ku je o ?<br \/>\n<strong>Bani<\/strong>: N\u00eb shpi<br \/>\n<strong>Olgeri:<\/strong>\u00a0Zbrit posht\u00eb urgjent!<br \/>\n<strong>Bani:<\/strong>\u00a0Ja erdha<br \/>\n<strong>Olgeri:<\/strong>\u00a0Aj<\/p>\n<p>N\u00eb vijim t\u00eb transkriptimeve telefonike \u00ebsht\u00eb regjistruar edhe biseda mes Olger Bamllarit dhe Andrea Kapuranit. Andrea thot\u00eb se e kishte marr\u00eb p\u00ebr ta pyetur p\u00ebr xhaxhain por kishte marr\u00eb Lan\u00ebn dhe Olgeri konfirmon se e kishin kapur.<\/p>\n<p>Pak or\u00eb m\u00eb von\u00eb, n\u00eb po t\u00eb nj\u00ebjt\u00ebn dit\u00eb, Olger Bamllari komunikon me shtetasin Erion Demolli, i cili gjithashtu e pyet p\u00ebr xhaxhain dhe Olgeri i konfirmon se e kishin kapur. Nj\u00eb dit\u00eb m\u00eb pas, Olger Bamllari bisedon me Vangjush Kapuranin dhe e pyet p\u00ebr xhaxhain.<\/p>\n<p><strong>Bamllari:<\/strong>\u00a0Alo!<\/p>\n<p><strong>Kapurani:<\/strong>\u00a0E mo, Geri!<br \/>\n<strong>Bamllari:<\/strong>\u00a0E mo !<br \/>\n<strong>Kapurani:<\/strong>\u00a0E mo un\u00eb s\u2019dinja gj\u00eb dje mo, sot e mora vesh n\u00eb m\u00ebngjes<br \/>\n<strong>Bamllari:<\/strong>\u00a0Eo<br \/>\n<strong>Kapurani:<\/strong>\u00a0Bo bo bo . Ndonj\u00eb spiunll\u00ebk, ndonj\u00eb kshu \u00eb\u00eb\u00eb?<br \/>\n<strong>Bamllari:<\/strong>\u00a0Po spiunll\u00ebk o, s\u2019ka tjet\u00ebr<br \/>\n<strong>Kapurani:<\/strong>\u00a0Po. Po. Mir\u00eb o<\/p>","protected":false},"excerpt":{"rendered":"<p>operacioni \u201cLimit\u201d q\u00eb coi n\u00eb pranga 58 persona, n\u00ebn akuz\u00ebn p\u00ebr trafik t\u00eb l\u00ebnd\u00ebve narkotike dhe kalim t\u00eb paligjsh\u00ebm t\u00eb emigrant\u00ebve nga Lindja e Mesme drejt Europ\u00ebs. N\u00eb vijim t\u00eb p\u00ebrgjimeve t\u00eb p\u00ebrgjimeve, prokuroria ka transkriptuar bised\u00ebn e Olger Braimllarit, menj\u00ebher\u00eb sapo ka marr\u00eb vesh se xhaxhai i tij Genci Bamllari \u00ebsht\u00eb arrestuar. Ai komunikon [&hellip;]<\/p>\n","protected":false},"author":2013,"featured_media":106747,"comment_status":"open","ping_status":"closed","sticky":false,"template":"","format":"standard","meta":{"footnotes":""},"categories":[241,235],"tags":[],"class_list":{"0":"post-106761","1":"post","2":"type-post","3":"status-publish","4":"format-standard","5":"has-post-thumbnail","7":"category-aktualitet","8":"category-vendi"},"_links":{"self":[{"href":"https:\/\/zjarr.tv\/en\/wp-json\/wp\/v2\/posts\/106761","targetHints":{"allow":["GET"]}}],"collection":[{"href":"https:\/\/zjarr.tv\/en\/wp-json\/wp\/v2\/posts"}],"about":[{"href":"https:\/\/zjarr.tv\/en\/wp-json\/wp\/v2\/types\/post"}],"author":[{"embeddable":true,"href":"https:\/\/zjarr.tv\/en\/wp-json\/wp\/v2\/users\/2013"}],"replies":[{"embeddable":true,"href":"https:\/\/zjarr.tv\/en\/wp-json\/wp\/v2\/comments?post=106761"}],"version-history":[{"count":0,"href":"https:\/\/zjarr.tv\/en\/wp-json\/wp\/v2\/posts\/106761\/revisions"}],"wp:featuredmedia":[{"embeddable":true,"href":"https:\/\/zjarr.tv\/en\/wp-json\/wp\/v2\/media\/106747"}],"wp:attachment":[{"href":"https:\/\/zjarr.tv\/en\/wp-json\/wp\/v2\/media?parent=106761"}],"wp:term":[{"taxonomy":"category","embeddable":true,"href":"https:\/\/zjarr.tv\/en\/wp-json\/wp\/v2\/categories?post=106761"},{"taxonomy":"post_tag","embeddable":true,"href":"https:\/\/zjarr.tv\/en\/wp-json\/wp\/v2\/tags?post=106761"}],"curies":[{"name":"wp","href":"https:\/\/api.w.org\/{rel}","templated":true}]}}