{"id":106880,"date":"2019-09-14T16:44:40","date_gmt":"2019-09-14T14:44:40","guid":{"rendered":"https:\/\/zjarr.tv\/?p=106880"},"modified":"2019-09-14T16:44:40","modified_gmt":"2019-09-14T14:44:40","slug":"lihen-ne-burg-te-arrestuarit-e-operacionit-limit-tre-lirohen","status":"publish","type":"post","link":"https:\/\/zjarr.tv\/en\/lihen-ne-burg-te-arrestuarit-e-operacionit-limit-tre-lirohen\/","title":{"rendered":"Lihen n\u00eb burg t\u00eb arrestuarit e operacionit &#8220;Limit&#8221;, tre lirohen"},"content":{"rendered":"<p>Gjykata e Krimeve t\u00eb R\u00ebnda l\u00eb n\u00eb burg 21 prej t\u00eb arrestuarve n\u00eb kuad\u00ebr t\u00eb\u00a0operacionit &#8220;Limit&#8221;, mes tyre edhe nj\u00eb shtetas turk.<\/p>\n<p>Ata dyshohen se jan\u00eb pjestar\u00eb t\u00eb 4 grupeve kriminale dhe sot dol\u00ebn para gjykat\u00ebs p\u00ebr vler\u00ebsimin e mas\u00ebs s\u00eb siguris\u00eb.<\/p>\n<p>Tre prej t\u00eb arrestuarve u lan\u00eb n\u00eb arrest sht\u00ebpie. Konkretisht Bektash Zenel, \u00a0Fejzo Dana dhe Agron Manka.<\/p>\n<p>M\u00eb 12 shtator policia njoftoi arrestimin e 23 personave n\u00eb Shqip\u00ebr dhe 34 t\u00eb tjer\u00ebve n\u00eb\u00a0Greqi. \u00a0Grupet kriminale akuzohen per trafik droge por dhe organizonin dhe mund\u00ebsonin kalimin e paligjsh\u00ebm t\u00eb emigrant\u00ebve nga Lindja e Mesme drejt Europes.<\/p>\n<p><strong>Emrat:<\/strong><\/p>\n<p>1. Olger Bamllari<\/p>\n<p>2. Aleksander Pepi alias Bani<\/p>\n<p>3. Gjergji \u00c7ollaku<\/p>\n<p>4. Hysni Sadik<\/p>\n<p>5. Sokol Nesimi<\/p>\n<p>6. Aldo Nesimi<\/p>\n<p>7. Bilbil Shqalshi<\/p>\n<p>8. Besjan Balca<\/p>\n<p>9. Drini Balca<\/p>\n<p>10. Kristo Ru\u00e7i<\/p>\n<p>11. Andrea Caca<\/p>\n<p>12 Emiliano Kalemi<\/p>\n<p>13. Rexhep Ipek (shtetas turk banues n\u00eb Durr\u00ebs)<\/p>\n<p>14. Eljon Jaho<\/p>\n<p>15. Festim \u00c7orvaxhi alias Bajraktari<\/p>\n<p>16. Gjergji Muke<\/p>\n<p>17. Romeo Tare<\/p>\n<p>18. Enkelejdi Sadik<\/p>\n<p>19. Kristo \u00c7obaj<\/p>\n<p>20. Gjergji \u00c7obaj<\/p>\n<p>21. Besjan Zenel<\/p>\n<p>22. Bektash Zenel<\/p>\n<p>23. Edmir Ballia<\/p>\n<p>24. Eduart Hoxha<\/p>\n<p>25. Arber Brahimi<\/p>\n<p>26. Fejzo Dana<\/p>\n<p>27. Agron Manka<\/p>\n<p>28. Ertin Hoxhalli<\/p>\n<p><strong>Hetimet p\u00ebr k\u00ebt\u00eb grup kriminal kan\u00eb filluar q\u00eb n\u00eb vitin 2016.\u00a0<\/strong><\/p>\n<p>Sipas hetimeve aktiviteti kriminal i k\u00ebtyre grupeve realizohej duke siguruar fara t\u00eb bim\u00ebs narkotike kanabis n\u00eb Holand\u00eb, t\u00eb cilat kalonin tranzit fillimisht drejt Greqis\u00eb dhe m\u00eb pas n\u00eb Shqip\u00ebri, ku dhe kultivoheshin.<\/p>\n<p>L\u00ebnda narkotike kanabis e prodhuar trafikohej n\u00eb Greqi, Turqi dhe n\u00eb vende t\u00eb tjera t\u00eb BE-s\u00eb, ku k\u00ebto grupe kriminale kishin ngritur rrjetin e vet t\u00eb shp\u00ebrndarjes s\u00eb l\u00ebnd\u00ebve narkotike t\u00eb llojit kanabis e kokain\u00eb.<\/p>\n<p>\/Ora News.tv\/<\/p>\n<p>&nbsp;<\/p>","protected":false},"excerpt":{"rendered":"<p>Gjykata e Krimeve t\u00eb R\u00ebnda l\u00eb n\u00eb burg 21 prej t\u00eb arrestuarve n\u00eb kuad\u00ebr t\u00eb\u00a0operacionit &#8220;Limit&#8221;, mes tyre edhe nj\u00eb shtetas turk. Ata dyshohen se jan\u00eb pjestar\u00eb t\u00eb 4 grupeve kriminale dhe sot dol\u00ebn para gjykat\u00ebs p\u00ebr vler\u00ebsimin e mas\u00ebs s\u00eb siguris\u00eb. Tre prej t\u00eb arrestuarve u lan\u00eb n\u00eb arrest sht\u00ebpie. Konkretisht Bektash Zenel, \u00a0Fejzo [&hellip;]<\/p>\n","protected":false},"author":2013,"featured_media":106882,"comment_status":"open","ping_status":"closed","sticky":false,"template":"","format":"standard","meta":{"footnotes":""},"categories":[241,235],"tags":[],"class_list":{"0":"post-106880","1":"post","2":"type-post","3":"status-publish","4":"format-standard","5":"has-post-thumbnail","7":"category-aktualitet","8":"category-vendi"},"_links":{"self":[{"href":"https:\/\/zjarr.tv\/en\/wp-json\/wp\/v2\/posts\/106880","targetHints":{"allow":["GET"]}}],"collection":[{"href":"https:\/\/zjarr.tv\/en\/wp-json\/wp\/v2\/posts"}],"about":[{"href":"https:\/\/zjarr.tv\/en\/wp-json\/wp\/v2\/types\/post"}],"author":[{"embeddable":true,"href":"https:\/\/zjarr.tv\/en\/wp-json\/wp\/v2\/users\/2013"}],"replies":[{"embeddable":true,"href":"https:\/\/zjarr.tv\/en\/wp-json\/wp\/v2\/comments?post=106880"}],"version-history":[{"count":0,"href":"https:\/\/zjarr.tv\/en\/wp-json\/wp\/v2\/posts\/106880\/revisions"}],"wp:featuredmedia":[{"embeddable":true,"href":"https:\/\/zjarr.tv\/en\/wp-json\/wp\/v2\/media\/106882"}],"wp:attachment":[{"href":"https:\/\/zjarr.tv\/en\/wp-json\/wp\/v2\/media?parent=106880"}],"wp:term":[{"taxonomy":"category","embeddable":true,"href":"https:\/\/zjarr.tv\/en\/wp-json\/wp\/v2\/categories?post=106880"},{"taxonomy":"post_tag","embeddable":true,"href":"https:\/\/zjarr.tv\/en\/wp-json\/wp\/v2\/tags?post=106880"}],"curies":[{"name":"wp","href":"https:\/\/api.w.org\/{rel}","templated":true}]}}