{"id":106953,"date":"2019-09-15T18:40:23","date_gmt":"2019-09-15T16:40:23","guid":{"rendered":"https:\/\/zjarr.tv\/?p=106953"},"modified":"2019-09-15T15:25:01","modified_gmt":"2019-09-15T13:25:01","slug":"hahn-shkupi-dhe-tirana-meritojne-hapjen-e-negociatave-me-be-ne","status":"publish","type":"post","link":"https:\/\/zjarr.tv\/en\/hahn-shkupi-dhe-tirana-meritojne-hapjen-e-negociatave-me-be-ne\/","title":{"rendered":"Hahn: Shkupi dhe Tirana meritojn\u00eb hapjen e negociatave me BE-n\u00eb"},"content":{"rendered":"<p>Komisioneri i zgjerimit t\u00eb BE Johannes Hahn, tha se Maqedonia e Veriut\u00a0dhe Shqip\u00ebria meritojn\u00eb hapjen e negociatave t\u00eb pranimit n\u00eb\u00a0Bashkimin Evropian.<\/p>\n<p>Hahn vuri n\u00eb dukje n\u00eb nj\u00eb intervist\u00eb me gazet\u00ebn malazeze Vijesti,\u00a0p\u00ebrparim e r\u00ebnd\u00ebsish\u00ebm q\u00eb ka\u00a0b\u00ebr\u00eb Shkupi zyrtar, m\u00eb e r\u00ebnd\u00ebsishmja e s\u00eb cil\u00ebs ishte n\u00ebnshkrimi i marr\u00ebveshjes me Greqin\u00eb p\u00ebr\u00a0emrin.<\/p>\n<p>Kjo marr\u00ebveshje, tha ai, do t\u00eb jet\u00eb objekt i librave t\u00eb historis\u00eb.<\/p>\n<p>Kur ai mori detyr\u00ebn pes\u00eb vjet m\u00eb par\u00eb, komisioneri n\u00eb largim v\u00ebrejti, se Maqedonia Veriore ishte n\u00eb nj\u00eb kriz\u00eb t\u00eb thell\u00eb politike, nd\u00ebrsa tani p\u00ebr Shkupin hapet nj\u00eb perspektiv\u00eb e v\u00ebrtet\u00eb evropiane, s\u00eb bashku me t\u00ebr\u00eb rajonin.<\/p>\n<p>BE, tha Hahn, do t\u00eb vazhdoj\u00eb t\u00eb mb\u00ebshtes\u00eb udh\u00ebtimin e Ballkanit Per\u00ebndimor drejt integrimit evropian, i cili \u00ebsht\u00eb n\u00eb interes t\u00eb Unionit.<\/p>\n<p>N\u00eb postin e komisionerit t\u00eb zgjerimit, u em\u00ebrua hungarezi Laszlo Trocsanyi, em\u00ebrimi p\u00ebrfundimtar i t\u00eb cilit, si ai i t\u00eb gjith\u00eb an\u00ebtar\u00ebve t\u00eb tjer\u00eb t\u00eb komisionit t\u00eb ri t\u00eb BE-s\u00eb, duhet t\u00eb miratohet nga Parlamenti Evropian.<\/p>","protected":false},"excerpt":{"rendered":"<p>Komisioneri i zgjerimit t\u00eb BE Johannes Hahn, tha se Maqedonia e Veriut\u00a0dhe Shqip\u00ebria meritojn\u00eb hapjen e negociatave t\u00eb pranimit n\u00eb\u00a0Bashkimin Evropian. Hahn vuri n\u00eb dukje n\u00eb nj\u00eb intervist\u00eb me gazet\u00ebn malazeze Vijesti,\u00a0p\u00ebrparim e r\u00ebnd\u00ebsish\u00ebm q\u00eb ka\u00a0b\u00ebr\u00eb Shkupi zyrtar, m\u00eb e r\u00ebnd\u00ebsishmja e s\u00eb cil\u00ebs ishte n\u00ebnshkrimi i marr\u00ebveshjes me Greqin\u00eb p\u00ebr\u00a0emrin. Kjo marr\u00ebveshje, tha ai, [&hellip;]<\/p>\n","protected":false},"author":2013,"featured_media":62692,"comment_status":"open","ping_status":"closed","sticky":false,"template":"","format":"standard","meta":{"footnotes":""},"categories":[241,2],"tags":[],"class_list":{"0":"post-106953","1":"post","2":"type-post","3":"status-publish","4":"format-standard","5":"has-post-thumbnail","7":"category-aktualitet","8":"category-rajoni"},"_links":{"self":[{"href":"https:\/\/zjarr.tv\/en\/wp-json\/wp\/v2\/posts\/106953","targetHints":{"allow":["GET"]}}],"collection":[{"href":"https:\/\/zjarr.tv\/en\/wp-json\/wp\/v2\/posts"}],"about":[{"href":"https:\/\/zjarr.tv\/en\/wp-json\/wp\/v2\/types\/post"}],"author":[{"embeddable":true,"href":"https:\/\/zjarr.tv\/en\/wp-json\/wp\/v2\/users\/2013"}],"replies":[{"embeddable":true,"href":"https:\/\/zjarr.tv\/en\/wp-json\/wp\/v2\/comments?post=106953"}],"version-history":[{"count":0,"href":"https:\/\/zjarr.tv\/en\/wp-json\/wp\/v2\/posts\/106953\/revisions"}],"wp:featuredmedia":[{"embeddable":true,"href":"https:\/\/zjarr.tv\/en\/wp-json\/wp\/v2\/media\/62692"}],"wp:attachment":[{"href":"https:\/\/zjarr.tv\/en\/wp-json\/wp\/v2\/media?parent=106953"}],"wp:term":[{"taxonomy":"category","embeddable":true,"href":"https:\/\/zjarr.tv\/en\/wp-json\/wp\/v2\/categories?post=106953"},{"taxonomy":"post_tag","embeddable":true,"href":"https:\/\/zjarr.tv\/en\/wp-json\/wp\/v2\/tags?post=106953"}],"curies":[{"name":"wp","href":"https:\/\/api.w.org\/{rel}","templated":true}]}}