{"id":106955,"date":"2019-09-15T18:50:53","date_gmt":"2019-09-15T16:50:53","guid":{"rendered":"https:\/\/zjarr.tv\/?p=106955"},"modified":"2019-09-15T15:26:29","modified_gmt":"2019-09-15T13:26:29","slug":"vizita-e-thacit-merr-vemendje-ne-mediat-japoneze","status":"publish","type":"post","link":"https:\/\/zjarr.tv\/en\/vizita-e-thacit-merr-vemendje-ne-mediat-japoneze\/","title":{"rendered":"Vizita e Tha\u00e7it merr v\u00ebmendje n\u00eb mediat japoneze"},"content":{"rendered":"<p>Mediat japoneze kan\u00eb raportuar p\u00ebr vizit\u00ebn e presidentin Hashim Tha\u00e7i n\u00eb Japoni, i cili ka zhvilluar takime t\u00eb shumta n\u00eb Tokio, Osaka dhe Kjoto.<\/p>\n<p>Televizioni publik i \u201cNHK\u201d ka transmetuar drejtp\u00ebrdrejt konferenc\u00ebn p\u00ebr media t\u00eb kryeministrit t\u00eb Japonis\u00eb, Shinzo Abe dhe t\u00eb presidentit Tha\u00e7i.<\/p>\n<p>Ky medium ka raportuar p\u00ebr vizit\u00ebn e presidentit n\u00eb Japoni t\u00eb cil\u00ebn e ka p\u00ebrshkruar se p\u00ebrcaktuese p\u00ebr krijimin e nj\u00eb dinamike t\u00eb nd\u00ebrmjet Kosov\u00ebs dhe Japonis\u00eb.<\/p>\n<p>NHK po ashtu ka raportuar se kryeministri Shinzo Abe do t\u00eb mb\u00ebshtes edhe m\u00eb tutje Kosov\u00ebn, p\u00ebr t\u00eb punuar s\u00eb bashku p\u00ebr t\u00eb p\u00ebrmir\u00ebsuar mjedisin q\u00eb kompanit\u00eb japoneze t\u00eb zgjerojn\u00eb investimet n\u00eb Kosov\u00eb.<\/p>\n<p>Abe sipas NHK, i ka premtuar presidentit t\u00eb Kosov\u00eb se Japonia do t\u00eb vazhdoj\u00eb t\u00eb mb\u00ebshtes Kosov\u00ebn n\u00eb an\u00ebtar\u00ebsimin\u00a0 e saj n\u00ebp\u00ebr organizata nd\u00ebrkomb\u00ebtar dhe n\u00eb forcimin e subjektivitetit nd\u00ebrkomb\u00ebtar.<\/p>\n<p>Edhe Agjencia e Lajmeve e Japonis\u00eb \u201cKyodo\u201d, e ka p\u00ebrshkruar vizit\u00ebn e presidentit Tha\u00e7i n\u00eb Japoni si t\u00eb r\u00ebnd\u00ebsishme p\u00ebr rritjen e shk\u00ebmbimit tregtar dhe ekonomik nd\u00ebrmjet dy shteteve.<\/p>\n<p>\u201cN\u00eb nj\u00eb takim me presidentin e Kosov\u00ebs, Hashim Tha\u00e7i, Abe zbuloi nj\u00eb plan p\u00ebr hapjen e nj\u00eb zyre diplomatike n\u00eb k\u00ebt\u00eb vend n\u00eb muajin janar, duke theksuar se shk\u00ebmbimet midis dy vendeve jan\u00eb rritur ndjesh\u00ebm gjat\u00eb dekad\u00ebs s\u00eb kaluar q\u00eb nga krijimi i lidhjeve diplomatike n\u00eb 2009\u201d, ka shkruar Agjencia \u201cKyodo\u201d.<\/p>\n<p>Sipas k\u00ebsaj agjencie, Abi ka theksuar t\u00eb jet\u00eb i vendosur q\u00eb t\u00eb punoj\u00eb ngusht\u00eb me presidentin Tha\u00e7i p\u00ebr t\u2019i b\u00ebr\u00eb lidhjet tona dypal\u00ebshe m\u00eb t\u00eb forta dhe t\u00eb synojm\u00eb paqen dhe stabilitetin n\u00eb Ballkanin Per\u00ebndimor.<\/p>\n<p>Gazetat n\u00eb Japoni kan\u00eb raportuar edhe p\u00ebr takimin nd\u00ebrmjet Perandorit Japonez, Naruhito dhe Presidentit Tha\u00e7i. Presidenti kosovar sipas mediave japoneze \u00ebsht\u00eb lider\u00ebt e par\u00eb q\u00eb kan\u00eb takuar Perandorin, pasi mori fronin n\u00eb maj t\u00eb k\u00ebtij viti.<\/p>\n<p>Mediat n\u00eb Japoni kan\u00eb paralajm\u00ebruar se n\u00eb tetor t\u00eb k\u00ebtij viti do t\u00eb mbahet ceremonia e madhe e kuror\u00ebzimit t\u00eb Perandorit, ku pritet t\u00eb marri pjes\u00eb rreth 200 lider nga mbar\u00eb bota.<\/p>","protected":false},"excerpt":{"rendered":"<p>Mediat japoneze kan\u00eb raportuar p\u00ebr vizit\u00ebn e presidentin Hashim Tha\u00e7i n\u00eb Japoni, i cili ka zhvilluar takime t\u00eb shumta n\u00eb Tokio, Osaka dhe Kjoto. Televizioni publik i \u201cNHK\u201d ka transmetuar drejtp\u00ebrdrejt konferenc\u00ebn p\u00ebr media t\u00eb kryeministrit t\u00eb Japonis\u00eb, Shinzo Abe dhe t\u00eb presidentit Tha\u00e7i. Ky medium ka raportuar p\u00ebr vizit\u00ebn e presidentit n\u00eb Japoni t\u00eb [&hellip;]<\/p>\n","protected":false},"author":2013,"featured_media":106956,"comment_status":"open","ping_status":"closed","sticky":false,"template":"","format":"standard","meta":{"footnotes":""},"categories":[241,2],"tags":[],"class_list":{"0":"post-106955","1":"post","2":"type-post","3":"status-publish","4":"format-standard","5":"has-post-thumbnail","7":"category-aktualitet","8":"category-rajoni"},"_links":{"self":[{"href":"https:\/\/zjarr.tv\/en\/wp-json\/wp\/v2\/posts\/106955","targetHints":{"allow":["GET"]}}],"collection":[{"href":"https:\/\/zjarr.tv\/en\/wp-json\/wp\/v2\/posts"}],"about":[{"href":"https:\/\/zjarr.tv\/en\/wp-json\/wp\/v2\/types\/post"}],"author":[{"embeddable":true,"href":"https:\/\/zjarr.tv\/en\/wp-json\/wp\/v2\/users\/2013"}],"replies":[{"embeddable":true,"href":"https:\/\/zjarr.tv\/en\/wp-json\/wp\/v2\/comments?post=106955"}],"version-history":[{"count":0,"href":"https:\/\/zjarr.tv\/en\/wp-json\/wp\/v2\/posts\/106955\/revisions"}],"wp:featuredmedia":[{"embeddable":true,"href":"https:\/\/zjarr.tv\/en\/wp-json\/wp\/v2\/media\/106956"}],"wp:attachment":[{"href":"https:\/\/zjarr.tv\/en\/wp-json\/wp\/v2\/media?parent=106955"}],"wp:term":[{"taxonomy":"category","embeddable":true,"href":"https:\/\/zjarr.tv\/en\/wp-json\/wp\/v2\/categories?post=106955"},{"taxonomy":"post_tag","embeddable":true,"href":"https:\/\/zjarr.tv\/en\/wp-json\/wp\/v2\/tags?post=106955"}],"curies":[{"name":"wp","href":"https:\/\/api.w.org\/{rel}","templated":true}]}}