{"id":106973,"date":"2019-09-15T19:40:52","date_gmt":"2019-09-15T17:40:52","guid":{"rendered":"https:\/\/zjarr.tv\/?p=106973"},"modified":"2019-09-15T15:33:21","modified_gmt":"2019-09-15T13:33:21","slug":"bayern-ngec-ne-transferte-leipzig-merr-kreun","status":"publish","type":"post","link":"https:\/\/zjarr.tv\/en\/bayern-ngec-ne-transferte-leipzig-merr-kreun\/","title":{"rendered":"Bayern \u201cngec\u201d n\u00eb transfert\u00eb, Leipzig merr kreun"},"content":{"rendered":"<p>Bayern Mynich nuk arrin m\u00eb shum\u00eb se sa rezultati 1-1 n\u00eb transfert\u00ebn e Leipzig.<\/p>\n<p>Golin e par\u00eb e sh\u00ebnojn\u00eb bavarez\u00eb me an\u00eb t\u00eb Le\u00ebando\u00ebski-t q\u00eb n\u00eb minut\u00ebn e 3\u2019.<\/p>\n<p>Leipzig kthen barazpesh\u00ebn n\u00eb fund t\u00eb pjes\u00ebs s\u00eb par\u00eb me an\u00eb t\u00eb nj\u00eb penalltie nga ku Forsberg nuk gabon.<\/p>\n<p>Kaq mjafton p\u00ebr Leipzig q\u00eb t\u00eb dalin me pik\u00eb kjo ndeshje, nj\u00eb pik\u00eb q\u00eb i jep vendin e par\u00eb n\u00eb renditjen e Bundeslig\u00ebs.<\/p>\n<p>Pjesa e dyt\u00eb nuk prodhoi gola por vet\u00ebm nd\u00ebrhyrje dhe kartona t\u00eb verdh\u00eb.<\/p>\n<p>Duket se kampion\u00ebt e Gjermanis\u00eb nuk jan\u00eb rikthyer ende n\u00eb form\u00ebn e tyre m\u00eb t\u00eb mir\u00eb.<\/p>\n<p>N\u00eb mesjav\u00eb Bayern do t\u00eb ndeshet me Crvena zvezda n\u00eb Uefa Champions League, nj\u00eb ndeshje e leht\u00eb n\u00eb let\u00ebr p\u00ebr bavarez\u00ebt.<\/p>\n<p>Nd\u00ebrsa n\u00eb fundjav\u00eb do t\u00eb p\u00ebrballen me Koln.<\/p>","protected":false},"excerpt":{"rendered":"<p>Bayern Mynich nuk arrin m\u00eb shum\u00eb se sa rezultati 1-1 n\u00eb transfert\u00ebn e Leipzig. Golin e par\u00eb e sh\u00ebnojn\u00eb bavarez\u00eb me an\u00eb t\u00eb Le\u00ebando\u00ebski-t q\u00eb n\u00eb minut\u00ebn e 3\u2019. Leipzig kthen barazpesh\u00ebn n\u00eb fund t\u00eb pjes\u00ebs s\u00eb par\u00eb me an\u00eb t\u00eb nj\u00eb penalltie nga ku Forsberg nuk gabon. Kaq mjafton p\u00ebr Leipzig q\u00eb t\u00eb dalin [&hellip;]<\/p>\n","protected":false},"author":2013,"featured_media":106974,"comment_status":"open","ping_status":"closed","sticky":false,"template":"","format":"standard","meta":{"footnotes":""},"categories":[241,192],"tags":[],"class_list":{"0":"post-106973","1":"post","2":"type-post","3":"status-publish","4":"format-standard","5":"has-post-thumbnail","7":"category-aktualitet","8":"category-sport"},"_links":{"self":[{"href":"https:\/\/zjarr.tv\/en\/wp-json\/wp\/v2\/posts\/106973","targetHints":{"allow":["GET"]}}],"collection":[{"href":"https:\/\/zjarr.tv\/en\/wp-json\/wp\/v2\/posts"}],"about":[{"href":"https:\/\/zjarr.tv\/en\/wp-json\/wp\/v2\/types\/post"}],"author":[{"embeddable":true,"href":"https:\/\/zjarr.tv\/en\/wp-json\/wp\/v2\/users\/2013"}],"replies":[{"embeddable":true,"href":"https:\/\/zjarr.tv\/en\/wp-json\/wp\/v2\/comments?post=106973"}],"version-history":[{"count":0,"href":"https:\/\/zjarr.tv\/en\/wp-json\/wp\/v2\/posts\/106973\/revisions"}],"wp:featuredmedia":[{"embeddable":true,"href":"https:\/\/zjarr.tv\/en\/wp-json\/wp\/v2\/media\/106974"}],"wp:attachment":[{"href":"https:\/\/zjarr.tv\/en\/wp-json\/wp\/v2\/media?parent=106973"}],"wp:term":[{"taxonomy":"category","embeddable":true,"href":"https:\/\/zjarr.tv\/en\/wp-json\/wp\/v2\/categories?post=106973"},{"taxonomy":"post_tag","embeddable":true,"href":"https:\/\/zjarr.tv\/en\/wp-json\/wp\/v2\/tags?post=106973"}],"curies":[{"name":"wp","href":"https:\/\/api.w.org\/{rel}","templated":true}]}}