{"id":106982,"date":"2019-09-15T20:20:26","date_gmt":"2019-09-15T18:20:26","guid":{"rendered":"https:\/\/zjarr.tv\/?p=106982"},"modified":"2019-09-15T15:35:57","modified_gmt":"2019-09-15T13:35:57","slug":"ukraina-nuk-duhet-te-beje-koncesione-te-papranueshme-per-rusine","status":"publish","type":"post","link":"https:\/\/zjarr.tv\/en\/ukraina-nuk-duhet-te-beje-koncesione-te-papranueshme-per-rusine\/","title":{"rendered":"Ukraina \u201cnuk duhet t\u00eb b\u00ebj\u00eb koncesione t\u00eb papranueshme\u201d p\u00ebr Rusin\u00eb"},"content":{"rendered":"<p>I d\u00ebrguari i Ukrain\u00ebs p\u00ebr bisedimet e paqes me separatist\u00ebt e mb\u00ebshtetur nga Rusia, ka th\u00ebn\u00eb se Kievi nuk duhet t\u00eb b\u00ebj\u00ebkoncesione t\u00eb papranueshme p\u00ebr Rusin\u00eb.<\/p>\n<div id=\"sovrn\" class=\"desktop_ad ad_bottom_space\"><ins><\/p>\n<div id=\"beacon_41c5db7432\"><\/div>\n<p><\/ins><\/div>\n<p>Marr\u00ebdh\u00ebniet nd\u00ebrmjet Rusis\u00eb dhe Ukrain\u00ebs jan\u00eb p\u00ebrkeq\u00ebsuar q\u00eb prej vitit 2014, kur Moska aneksoi Gadishullin ukrainas t\u00eb Krimes\u00eb dhe nisin mb\u00ebshtetjen e separatist\u00ebve n\u00eb lindje t\u00eb Ukrain\u00ebs.<\/p>\n<p>I d\u00ebrguari i Ukrain\u00ebs, Leonid Kuchma tha se Kievi nuk duhet t\u00eb pranoj\u00eb k\u00ebrkesa, si\u00e7 \u00ebsht\u00eb aprovimi i nj\u00eb plani t\u00eb separatist\u00ebve q\u00eb t\u00eb mbajn\u00eb zgjedhje n\u00eb zonat q\u00eb ata kontrollojn\u00eb n\u00eb rajonet Luhansk dhe Donetsk, pa mbik\u00ebqyrjen e Ukrain\u00ebs.<\/p>\n<p>\u201cBisedimet p\u00ebr zgjedhjet n\u00eb Donbas kan\u00eb qen\u00eb t\u00eb vazhdueshme. P\u00ebr cilat zgjedhje po flisni, kur njer\u00ebz t\u00eb armatosur vazhdojn\u00eb t\u00eb jen\u00eb t\u00eb pranish\u00ebm aty? Zgjedhjet mund t\u00eb mbahen pasi trupat dhe armatimi i r\u00ebnd\u00eb t\u00eb jen\u00eb larguar nga Ukraina, kur autoritetet ukrainase t\u00eb jen\u00eb vendosur aty dhe gazetar\u00ebt t\u00eb mund t\u00eb ken\u00eb qasje n\u00eb k\u00ebt\u00eb zon\u00eb\u201d, tha Kuchma, i cili ka qen\u00eb president i Ukrain\u00ebs nga viti 1994 deri m\u00eb 2005.<\/p>\n<p>Moska dhe Kievi kan\u00eb shk\u00ebmbyer t\u00eb burgosur fundjav\u00ebn e kaluar dhe kjo gj\u00eb ka ngjallur shpresat se bisedimet e paqes mund t\u2019i japin fund konfliktit n\u00eb lindje t\u00eb Ukrain\u00ebs, ku mbi 13 mij\u00eb persona jan\u00eb vrar\u00eb q\u00eb prej se luftimet nis\u00ebn n\u00eb prill t\u00eb vitit 2014.<\/p>\n<p>Ukraina, Rusia, Gjermania dhe Franca \u2013 i ashtuquajturi formati normandik i bisedimeve \u2013 p\u00ebr her\u00eb t\u00eb fundit u takuan n\u00eb tetorin e vitit 2016. Kuchma ka shprehur shqet\u00ebsimin e tij se Franca dhe Gjermania mund ta shtyjn\u00eb presidentin ukrainas, Volodymyr Zelenskiy q\u00eb t\u00eb b\u00ebj\u00eb koncesione t\u00eb m\u00ebdha.<\/p>\n<p>Presidenti Zelenskiy ka deklaruar se mir\u00ebpret nj\u00eb takim me udh\u00ebheq\u00ebsit e k\u00ebtyre kat\u00eb shteteve.\u201cNe presim q\u00eb ky takim t\u00eb ndodh\u00eb n\u00eb fund t\u00eb shtatorit\u201d, kishte deklaruar presidenti ukrainas.<\/p>","protected":false},"excerpt":{"rendered":"<p>I d\u00ebrguari i Ukrain\u00ebs p\u00ebr bisedimet e paqes me separatist\u00ebt e mb\u00ebshtetur nga Rusia, ka th\u00ebn\u00eb se Kievi nuk duhet t\u00eb b\u00ebj\u00ebkoncesione t\u00eb papranueshme p\u00ebr Rusin\u00eb. Marr\u00ebdh\u00ebniet nd\u00ebrmjet Rusis\u00eb dhe Ukrain\u00ebs jan\u00eb p\u00ebrkeq\u00ebsuar q\u00eb prej vitit 2014, kur Moska aneksoi Gadishullin ukrainas t\u00eb Krimes\u00eb dhe nisin mb\u00ebshtetjen e separatist\u00ebve n\u00eb lindje t\u00eb Ukrain\u00ebs. I d\u00ebrguari [&hellip;]<\/p>\n","protected":false},"author":2013,"featured_media":106983,"comment_status":"open","ping_status":"closed","sticky":false,"template":"","format":"standard","meta":{"footnotes":""},"categories":[241,191],"tags":[],"class_list":{"0":"post-106982","1":"post","2":"type-post","3":"status-publish","4":"format-standard","5":"has-post-thumbnail","7":"category-aktualitet","8":"category-bota"},"_links":{"self":[{"href":"https:\/\/zjarr.tv\/en\/wp-json\/wp\/v2\/posts\/106982","targetHints":{"allow":["GET"]}}],"collection":[{"href":"https:\/\/zjarr.tv\/en\/wp-json\/wp\/v2\/posts"}],"about":[{"href":"https:\/\/zjarr.tv\/en\/wp-json\/wp\/v2\/types\/post"}],"author":[{"embeddable":true,"href":"https:\/\/zjarr.tv\/en\/wp-json\/wp\/v2\/users\/2013"}],"replies":[{"embeddable":true,"href":"https:\/\/zjarr.tv\/en\/wp-json\/wp\/v2\/comments?post=106982"}],"version-history":[{"count":0,"href":"https:\/\/zjarr.tv\/en\/wp-json\/wp\/v2\/posts\/106982\/revisions"}],"wp:featuredmedia":[{"embeddable":true,"href":"https:\/\/zjarr.tv\/en\/wp-json\/wp\/v2\/media\/106983"}],"wp:attachment":[{"href":"https:\/\/zjarr.tv\/en\/wp-json\/wp\/v2\/media?parent=106982"}],"wp:term":[{"taxonomy":"category","embeddable":true,"href":"https:\/\/zjarr.tv\/en\/wp-json\/wp\/v2\/categories?post=106982"},{"taxonomy":"post_tag","embeddable":true,"href":"https:\/\/zjarr.tv\/en\/wp-json\/wp\/v2\/tags?post=106982"}],"curies":[{"name":"wp","href":"https:\/\/api.w.org\/{rel}","templated":true}]}}