{"id":106988,"date":"2019-09-15T20:40:00","date_gmt":"2019-09-15T18:40:00","guid":{"rendered":"https:\/\/zjarr.tv\/?p=106988"},"modified":"2019-09-15T15:37:32","modified_gmt":"2019-09-15T13:37:32","slug":"cameron-nuk-perjashton-mundesine-e-nje-referendumi-te-dyte-per-brexit-in","status":"publish","type":"post","link":"https:\/\/zjarr.tv\/en\/cameron-nuk-perjashton-mundesine-e-nje-referendumi-te-dyte-per-brexit-in\/","title":{"rendered":"Cameron nuk p\u00ebrjashton mund\u00ebsin\u00eb e nj\u00eb referendumi t\u00eb dyt\u00eb p\u00ebr Brexit-in"},"content":{"rendered":"<p>sh-kryeministri britanik, David Cameron, i cili shpalli referendumin p\u00ebr Brexit-in deklaroi sot gjat\u00eb nj\u00eb interviste se nuk do t\u00eb p\u00ebrjashtonte mund\u00ebsin\u00eb e nj\u00eb votimi t\u00eb dyt\u00eb lidhur me k\u00ebt\u00eb \u00e7\u00ebshtje.<\/p>\n<div id=\"sovrn\" class=\"desktop_ad ad_bottom_space\"><ins><\/p>\n<div id=\"beacon_f593a35dd5\"><\/div>\n<p><\/ins><\/div>\n<p>\u201cUn\u00eb nuk po them se do t\u00eb ndodh\u00eb ose duhet t\u00eb ndodh\u00eb. Un\u00eb po them vet\u00ebm q\u00eb nuk mund t\u2019i p\u00ebrjashtoni gj\u00ebrat tani, sepse ne duhet t\u00eb gjejm\u00eb nj\u00eb m\u00ebnyr\u00eb p\u00ebr t\u00eb kaluar ng\u00ebr\u00e7in\u201d, deklaroi Cameron p\u00ebr t\u00eb p\u00ebrdtshmen britanike \u201cThe Times\u201d.<\/p>\n<p>Nd\u00ebrkoh\u00eb q\u00eb politika britanike \u00ebsht\u00eb p\u00ebrfshir\u00eb nga mosmarr\u00ebveshjet mbi m\u00ebnyr\u00ebn sesi do t\u00eb zbatohet referendumi i 2016, ku 52 p\u00ebrqind e publikut votuan p\u00ebr t\u00eb l\u00ebn\u00eb Bashkimin Europian, n\u00eb jav\u00ebt e fundit thirrjet p\u00ebr nj\u00eb votim t\u00eb dyt\u00eb jan\u00eb rritur.<\/p>\n<p>Britania e Madhe ka vendosur t\u00eb largohet nga unioni m\u00eb 31 tetor, nd\u00ebrsa kryeministri aktual Boris Johnson zotohet se do ta b\u00ebj\u00eb k\u00ebt\u00eb edhe n\u00ebse nuk ka ndonj\u00eb marr\u00ebveshje p\u00ebr t\u00eb rregulluar daljen e vendit.<\/p>","protected":false},"excerpt":{"rendered":"<p>sh-kryeministri britanik, David Cameron, i cili shpalli referendumin p\u00ebr Brexit-in deklaroi sot gjat\u00eb nj\u00eb interviste se nuk do t\u00eb p\u00ebrjashtonte mund\u00ebsin\u00eb e nj\u00eb votimi t\u00eb dyt\u00eb lidhur me k\u00ebt\u00eb \u00e7\u00ebshtje. \u201cUn\u00eb nuk po them se do t\u00eb ndodh\u00eb ose duhet t\u00eb ndodh\u00eb. Un\u00eb po them vet\u00ebm q\u00eb nuk mund t\u2019i p\u00ebrjashtoni gj\u00ebrat tani, sepse ne [&hellip;]<\/p>\n","protected":false},"author":2013,"featured_media":106989,"comment_status":"open","ping_status":"closed","sticky":false,"template":"","format":"standard","meta":{"footnotes":""},"categories":[241,191],"tags":[],"class_list":{"0":"post-106988","1":"post","2":"type-post","3":"status-publish","4":"format-standard","5":"has-post-thumbnail","7":"category-aktualitet","8":"category-bota"},"_links":{"self":[{"href":"https:\/\/zjarr.tv\/en\/wp-json\/wp\/v2\/posts\/106988","targetHints":{"allow":["GET"]}}],"collection":[{"href":"https:\/\/zjarr.tv\/en\/wp-json\/wp\/v2\/posts"}],"about":[{"href":"https:\/\/zjarr.tv\/en\/wp-json\/wp\/v2\/types\/post"}],"author":[{"embeddable":true,"href":"https:\/\/zjarr.tv\/en\/wp-json\/wp\/v2\/users\/2013"}],"replies":[{"embeddable":true,"href":"https:\/\/zjarr.tv\/en\/wp-json\/wp\/v2\/comments?post=106988"}],"version-history":[{"count":0,"href":"https:\/\/zjarr.tv\/en\/wp-json\/wp\/v2\/posts\/106988\/revisions"}],"wp:featuredmedia":[{"embeddable":true,"href":"https:\/\/zjarr.tv\/en\/wp-json\/wp\/v2\/media\/106989"}],"wp:attachment":[{"href":"https:\/\/zjarr.tv\/en\/wp-json\/wp\/v2\/media?parent=106988"}],"wp:term":[{"taxonomy":"category","embeddable":true,"href":"https:\/\/zjarr.tv\/en\/wp-json\/wp\/v2\/categories?post=106988"},{"taxonomy":"post_tag","embeddable":true,"href":"https:\/\/zjarr.tv\/en\/wp-json\/wp\/v2\/tags?post=106988"}],"curies":[{"name":"wp","href":"https:\/\/api.w.org\/{rel}","templated":true}]}}