{"id":107005,"date":"2019-09-15T21:30:24","date_gmt":"2019-09-15T19:30:24","guid":{"rendered":"https:\/\/zjarr.tv\/?p=107005"},"modified":"2019-09-15T15:46:03","modified_gmt":"2019-09-15T13:46:03","slug":"forcat-amerikane-e-afgane-vr-as-in-40-talibane","status":"publish","type":"post","link":"https:\/\/zjarr.tv\/en\/forcat-amerikane-e-afgane-vr-as-in-40-talibane\/","title":{"rendered":"Forcat amerikane e afgane vr.as.in 40 taliban\u00eb"},"content":{"rendered":"<p>Forcat afgane, t\u00eb mb\u00ebshtetura nga forcat e Shteteve t\u00eb Bashkuara, i kan\u00eb vrar\u00eb dy lider\u00eb t\u00eb lart\u00eb taliban\u00eb dhe s\u00eb paku 38 luft\u00ebtar\u00eb t\u00eb k\u00ebtij grupi gjat\u00eb sulmeve t\u00eb p\u00ebrbashk\u00ebta ajrore, t\u00eb cilat u kryen n\u00eb rajonet veriore dhe per\u00ebndimore t\u00eb Afganistanit.<\/p>\n<p>Oepracionet, t\u00eb cilat u nis\u00ebn t\u00eb shtun\u00ebn n\u00eb mbr\u00ebmje, kishin p\u00ebr q\u00ebllim q\u00eb t\u2019i paralizonin sulmet e planifikuara t\u00eb taliban\u00ebve kund\u00ebr forcave afgane. K\u00ebshtu tha nj\u00eb zyrtar i lart\u00eb i siguris\u00eb n\u00eb Kabul, duke shtuar se p\u00ebrleshjet me taliban\u00ebt jan\u00eb shtuar pas nd\u00ebrprerjes s\u00eb bisedimeve diplomatike mes Shteteve t\u00eb Bashkuara dhe grupit terrorist.<\/p>\n<p>Ministria e Mbrojtjes e Afganistanit tha p\u00ebrmes nj\u00eb deklarate se gjat\u00eb k\u00ebtyre sulmeve \u00ebsht\u00eb vrar\u00eb guvernatori i taliban\u00ebve p\u00ebr provinc\u00ebn veriore t\u00eb Samanganit, Ma\u00eblavi Nooruddin, bashk\u00eb me kat\u00ebr luft\u00ebtar\u00eb t\u00eb tjer\u00eb.<\/p>\n<div id=\"rekl-13\">\n<div id=\"__sap-ad-15\" class=\"__sap-ads __sap-html tracked\" data-title=\"Credins desktop 08\"><\/div>\n<\/div>\n<p>Sidoqoft\u00eb, taliban\u00ebt kan\u00eb mohuar se ky guvernator \u00ebsht\u00eb vrar\u00eb. \u201cAi \u00ebsht\u00eb i gjall\u00eb\u201d, tha Zabihullah Mujahid, z\u00ebdh\u00ebn\u00ebs i taliban\u00ebve.<\/p>\n<p>Ndryshe, zyrtar\u00eb t\u00eb lart\u00eb t\u00eb siguris\u00eb n\u00eb Kabul kan\u00eb th\u00ebn\u00eb se disa operacione do t\u00eb kryhen kund\u00ebr taliban\u00ebve dhe luft\u00ebtar\u00ebve t\u00eb Shtetit islamik p\u00ebr t\u2019i parandaluar sulmet ndaj forcave afgane dhe civil\u00ebve para zgjedhjeve presidenciale t\u00eb 28 shtatorit, shkruan \u201cReuters\u201d.<\/p>","protected":false},"excerpt":{"rendered":"<p>Forcat afgane, t\u00eb mb\u00ebshtetura nga forcat e Shteteve t\u00eb Bashkuara, i kan\u00eb vrar\u00eb dy lider\u00eb t\u00eb lart\u00eb taliban\u00eb dhe s\u00eb paku 38 luft\u00ebtar\u00eb t\u00eb k\u00ebtij grupi gjat\u00eb sulmeve t\u00eb p\u00ebrbashk\u00ebta ajrore, t\u00eb cilat u kryen n\u00eb rajonet veriore dhe per\u00ebndimore t\u00eb Afganistanit. Oepracionet, t\u00eb cilat u nis\u00ebn t\u00eb shtun\u00ebn n\u00eb mbr\u00ebmje, kishin p\u00ebr q\u00ebllim q\u00eb [&hellip;]<\/p>\n","protected":false},"author":2013,"featured_media":107006,"comment_status":"open","ping_status":"closed","sticky":false,"template":"","format":"standard","meta":{"footnotes":""},"categories":[241,191],"tags":[],"class_list":{"0":"post-107005","1":"post","2":"type-post","3":"status-publish","4":"format-standard","5":"has-post-thumbnail","7":"category-aktualitet","8":"category-bota"},"_links":{"self":[{"href":"https:\/\/zjarr.tv\/en\/wp-json\/wp\/v2\/posts\/107005","targetHints":{"allow":["GET"]}}],"collection":[{"href":"https:\/\/zjarr.tv\/en\/wp-json\/wp\/v2\/posts"}],"about":[{"href":"https:\/\/zjarr.tv\/en\/wp-json\/wp\/v2\/types\/post"}],"author":[{"embeddable":true,"href":"https:\/\/zjarr.tv\/en\/wp-json\/wp\/v2\/users\/2013"}],"replies":[{"embeddable":true,"href":"https:\/\/zjarr.tv\/en\/wp-json\/wp\/v2\/comments?post=107005"}],"version-history":[{"count":0,"href":"https:\/\/zjarr.tv\/en\/wp-json\/wp\/v2\/posts\/107005\/revisions"}],"wp:featuredmedia":[{"embeddable":true,"href":"https:\/\/zjarr.tv\/en\/wp-json\/wp\/v2\/media\/107006"}],"wp:attachment":[{"href":"https:\/\/zjarr.tv\/en\/wp-json\/wp\/v2\/media?parent=107005"}],"wp:term":[{"taxonomy":"category","embeddable":true,"href":"https:\/\/zjarr.tv\/en\/wp-json\/wp\/v2\/categories?post=107005"},{"taxonomy":"post_tag","embeddable":true,"href":"https:\/\/zjarr.tv\/en\/wp-json\/wp\/v2\/tags?post=107005"}],"curies":[{"name":"wp","href":"https:\/\/api.w.org\/{rel}","templated":true}]}}