{"id":107064,"date":"2019-09-15T17:21:26","date_gmt":"2019-09-15T15:21:26","guid":{"rendered":"https:\/\/zjarr.tv\/?p=107064"},"modified":"2019-09-15T17:21:26","modified_gmt":"2019-09-15T15:21:26","slug":"zbulohet-skema-si-po-punesohen-freshistet-ne-shtetin-e-rames","status":"publish","type":"post","link":"https:\/\/zjarr.tv\/en\/zbulohet-skema-si-po-punesohen-freshistet-ne-shtetin-e-rames\/","title":{"rendered":"Zbulohet skema, si po pun\u00ebsohen freshist\u00ebt n\u00eb shtetin e Ram\u00ebs"},"content":{"rendered":"<div class=\"readmore-text-here\">\n<p>Fushata gjoja p\u00ebr pun\u00ebsimin e ekselent\u00ebve n\u00eb administrat\u00eb \u00ebsht\u00eb thjesht\u00eb nj\u00eb mbules\u00eb p\u00ebr t\u00eb futur n\u00eb zyrat e shtetit, freshist\u00ebt e Edi Ram\u00ebs.<\/p>\n<p>Kjo skem\u00eb \u00ebsht\u00eb zbuluar nga nj\u00eb denoncim i mb\u00ebrritur n\u00eb adres\u00ebn e ish-kryeministrit Sali Berisha.<\/p>\n<div id=\"rekl-28\"><\/div>\n<p>Sipas denoncuesit gjoja p\u00ebr t\u00eb pun\u00ebsuar ekselent\u00eb, po pun\u00ebsohen vet\u00ebm an\u00ebtar\u00ebt e FRESH-it t\u00eb PS-s\u00eb.<\/p>\n<div id=\"rekl-13\">\n<div id=\"__sap-ad-15\" class=\"__sap-ads __sap-html tracked\" data-title=\"Credins desktop 08\"><ins><\/p>\n<div id=\"beacon_9d9ebdf5d2\"><img loading=\"lazy\" decoding=\"async\" src=\"https:\/\/ads1.medium.al\/www\/delivery\/lg.php?bannerid=373&amp;campaignid=48&amp;zoneid=182&amp;loc=https%3A%2F%2Fwww.syri.net%2Fpolitike%2F280691%2Fzbulohet-skema-si-po-punesohen-freshistet-ne-shtetin-e-rames%2F&amp;referer=https%3A%2F%2Fwww.syri.net%2Flajme%2F&amp;cb=9d9ebdf5d2\" alt=\"\" width=\"0\" height=\"0\" \/><\/div>\n<p><\/ins><\/div>\n<\/div>\n<div id=\"rekl-4\"><\/div>\n<p><strong>Denoncimi i plot\u00eb i ish-kryeministrit Sali Berisha:<\/strong><\/p>\n<p><em>Fshese ne administrate per te punesuar freshistet!<\/em><\/p>\n<p><em>Kjo eshte reforma e sherbimit civil e Edvin Mafise! sb<\/em><\/p>\n<p><em>Pershendetje Doktor,<\/em><\/p>\n<p><em>Me shpresen qe konsiderohet dua te bej nje denoncim mbi ate qe po ndodh ne administraten shteterore se fundi.<\/em><\/p>\n<p><em>Jane hapur aplikimet per studentet ekselente, plote 245 vende vakante.<\/em><\/p>\n<p><em>Dhe e bukura eshte qe si vende vakante numerohen ato qe aktualisht jane te kontraktuar punonjes, me kontrata te rregullta por pa DAP.<\/em><\/p>\n<p><em>Pra kerkohet te punesohen gjasme ekselentet, ne te vertet vetem militantet e Freshit duke hedhur ne rruge punonjesit e administrates, dhe nuk u jepet e drejta atyre te aplikojne ne DAP sepse nuk jane studente dhe as ekselente.<\/em><\/p>\n<p><em>Kjo eshte e padrejte.<\/em><\/p>\n<p><em>Kjo qeveri kerkon nje pretekst qe te flake ne rruge ca punonjes dhe te sjelle ekselentet.<\/em><\/p>\n<p><em>Keto vende duhet te numeroheshin vetem per ato vakante,dhe jo te konsiderohet vakant nje vend ku dikush po punon me kontrate.<\/em><\/p>\n<p><em>Ose pastaj te hapet DAP per te gjithe,sepse kjo eshte e pa drejte.<\/em><\/p>\n<p><em>Administrata nuk eshte e Edvinit dhe as vendet e punes prone e tij.<\/em><\/p>\n<p><em>Ju lutem shperndajeni kete,se eshte hall per shume nga ne,por anonim sepse ketu eshte vend \u00e7uditash!<\/em><\/p>\n<p><em>Flm<\/em><\/p>\n<\/div>\n<div id=\"rekl-33\"><\/div>","protected":false},"excerpt":{"rendered":"<p>Fushata gjoja p\u00ebr pun\u00ebsimin e ekselent\u00ebve n\u00eb administrat\u00eb \u00ebsht\u00eb thjesht\u00eb nj\u00eb mbules\u00eb p\u00ebr t\u00eb futur n\u00eb zyrat e shtetit, freshist\u00ebt e Edi Ram\u00ebs. Kjo skem\u00eb \u00ebsht\u00eb zbuluar nga nj\u00eb denoncim i mb\u00ebrritur n\u00eb adres\u00ebn e ish-kryeministrit Sali Berisha. Sipas denoncuesit gjoja p\u00ebr t\u00eb pun\u00ebsuar ekselent\u00eb, po pun\u00ebsohen vet\u00ebm an\u00ebtar\u00ebt e FRESH-it t\u00eb PS-s\u00eb. Denoncimi i [&hellip;]<\/p>\n","protected":false},"author":2013,"featured_media":38161,"comment_status":"open","ping_status":"closed","sticky":false,"template":"","format":"standard","meta":{"footnotes":""},"categories":[241,235],"tags":[],"class_list":{"0":"post-107064","1":"post","2":"type-post","3":"status-publish","4":"format-standard","5":"has-post-thumbnail","7":"category-aktualitet","8":"category-vendi"},"_links":{"self":[{"href":"https:\/\/zjarr.tv\/en\/wp-json\/wp\/v2\/posts\/107064","targetHints":{"allow":["GET"]}}],"collection":[{"href":"https:\/\/zjarr.tv\/en\/wp-json\/wp\/v2\/posts"}],"about":[{"href":"https:\/\/zjarr.tv\/en\/wp-json\/wp\/v2\/types\/post"}],"author":[{"embeddable":true,"href":"https:\/\/zjarr.tv\/en\/wp-json\/wp\/v2\/users\/2013"}],"replies":[{"embeddable":true,"href":"https:\/\/zjarr.tv\/en\/wp-json\/wp\/v2\/comments?post=107064"}],"version-history":[{"count":0,"href":"https:\/\/zjarr.tv\/en\/wp-json\/wp\/v2\/posts\/107064\/revisions"}],"wp:featuredmedia":[{"embeddable":true,"href":"https:\/\/zjarr.tv\/en\/wp-json\/wp\/v2\/media\/38161"}],"wp:attachment":[{"href":"https:\/\/zjarr.tv\/en\/wp-json\/wp\/v2\/media?parent=107064"}],"wp:term":[{"taxonomy":"category","embeddable":true,"href":"https:\/\/zjarr.tv\/en\/wp-json\/wp\/v2\/categories?post=107064"},{"taxonomy":"post_tag","embeddable":true,"href":"https:\/\/zjarr.tv\/en\/wp-json\/wp\/v2\/tags?post=107064"}],"curies":[{"name":"wp","href":"https:\/\/api.w.org\/{rel}","templated":true}]}}