{"id":107071,"date":"2019-09-16T10:29:15","date_gmt":"2019-09-16T08:29:15","guid":{"rendered":"https:\/\/zjarr.tv\/?p=107071"},"modified":"2019-09-16T10:29:15","modified_gmt":"2019-09-16T08:29:15","slug":"nis-sot-shkolla-24-mije-nxenes-ulen-per-here-te-pare-ne-banka","status":"publish","type":"post","link":"https:\/\/zjarr.tv\/en\/nis-sot-shkolla-24-mije-nxenes-ulen-per-here-te-pare-ne-banka\/","title":{"rendered":"Nis sot shkolla, 24 mij\u00eb nx\u00ebn\u00ebs ulen p\u00ebr her\u00eb t\u00eb par\u00eb n\u00eb banka"},"content":{"rendered":"<p>Nis sot viti i ri shkollor 2019-2020. 24 mij\u00eb vog\u00eblush\u00eb q\u00eb do t\u00eb ulen sot p\u00ebr her\u00eb t\u00eb par\u00eb n\u00eb bankat e shkoll\u00ebs, nd\u00ebrsa n\u00eb sistemin 9-vje\u00e7ar jan\u00eb gjithsej 272 mij\u00eb nx\u00ebn\u00ebs. Kur nga nj\u00eb an\u00eb prind\u00ebrit kan\u00eb nisur q\u00eb n\u00eb m\u00ebngjes her\u00ebt t\u00eb b\u00ebjn\u00eb gati f\u00ebmij\u00ebt p\u00ebr n\u00eb shkoll\u00eb, Policia Rrugore \u00ebsht\u00eb v\u00ebn\u00eb n\u00eb gatishm\u00ebri p\u00ebr mbar\u00ebvajtjen e trafikut.<\/p>\n<p>Ndryshe nga vitet e kaluara, edhe k\u00ebt\u00eb vit shkollor prind\u00ebrve do t\u2019u duhet t\u00eb shpenzojn\u00eb m\u00eb pak p\u00ebr librat e f\u00ebmij\u00ebve nga klasa e par\u00eb n\u00eb t\u00eb kat\u00ebrt\u00ebn, pasi ato jan\u00eb dh\u00ebn\u00eb p\u00ebr p\u00ebrdorim nga qeveria, dhe do t\u2019i rikthejn\u00eb n\u00eb fund t\u00eb shkoll\u00ebs.<\/p>\n<p>Nd\u00ebrkaq, policia rrugore e Tiran\u00ebs ka hartuar nj\u00eb plan veprimi me detyra specifike, n\u00eb lidhje me menaxhimin e trafikut dhe rritjen e siguris\u00eb rrugore pran\u00eb shkollave e institucioneve t\u00eb tjera arsimore. Plani p\u00ebrfshin edhe kontrollin rigoroz t\u00eb m\u00ebnyr\u00ebs s\u00eb transportit t\u00eb f\u00ebmij\u00ebve n\u00eb mosh\u00eb jo madhore kryesisht p\u00ebr ata deri n\u00eb 12 vje\u00e7, p\u00ebr t\u00eb cil\u00ebt Kodi Rrugor i Republik\u00ebs s\u00eb Shqip\u00ebris\u00eb parashikon p\u00ebrdorimin e sistemeve t\u00eb fiksimit me q\u00ebllim sigurimin e tyre dhe parandalimin e pasojave q\u00eb mund t\u00eb vijn\u00eb si rezultat i ngjarjeve rrugore.<\/p>\n<p>&nbsp;<\/p>","protected":false},"excerpt":{"rendered":"<p>Nis sot viti i ri shkollor 2019-2020. 24 mij\u00eb vog\u00eblush\u00eb q\u00eb do t\u00eb ulen sot p\u00ebr her\u00eb t\u00eb par\u00eb n\u00eb bankat e shkoll\u00ebs, nd\u00ebrsa n\u00eb sistemin 9-vje\u00e7ar jan\u00eb gjithsej 272 mij\u00eb nx\u00ebn\u00ebs. Kur nga nj\u00eb an\u00eb prind\u00ebrit kan\u00eb nisur q\u00eb n\u00eb m\u00ebngjes her\u00ebt t\u00eb b\u00ebjn\u00eb gati f\u00ebmij\u00ebt p\u00ebr n\u00eb shkoll\u00eb, Policia Rrugore \u00ebsht\u00eb v\u00ebn\u00eb n\u00eb [&hellip;]<\/p>\n","protected":false},"author":4,"featured_media":107073,"comment_status":"open","ping_status":"closed","sticky":false,"template":"","format":"standard","meta":{"footnotes":""},"categories":[241,231,235],"tags":[],"class_list":{"0":"post-107071","1":"post","2":"type-post","3":"status-publish","4":"format-standard","5":"has-post-thumbnail","7":"category-aktualitet","8":"category-lajme","9":"category-vendi"},"_links":{"self":[{"href":"https:\/\/zjarr.tv\/en\/wp-json\/wp\/v2\/posts\/107071","targetHints":{"allow":["GET"]}}],"collection":[{"href":"https:\/\/zjarr.tv\/en\/wp-json\/wp\/v2\/posts"}],"about":[{"href":"https:\/\/zjarr.tv\/en\/wp-json\/wp\/v2\/types\/post"}],"author":[{"embeddable":true,"href":"https:\/\/zjarr.tv\/en\/wp-json\/wp\/v2\/users\/4"}],"replies":[{"embeddable":true,"href":"https:\/\/zjarr.tv\/en\/wp-json\/wp\/v2\/comments?post=107071"}],"version-history":[{"count":0,"href":"https:\/\/zjarr.tv\/en\/wp-json\/wp\/v2\/posts\/107071\/revisions"}],"wp:featuredmedia":[{"embeddable":true,"href":"https:\/\/zjarr.tv\/en\/wp-json\/wp\/v2\/media\/107073"}],"wp:attachment":[{"href":"https:\/\/zjarr.tv\/en\/wp-json\/wp\/v2\/media?parent=107071"}],"wp:term":[{"taxonomy":"category","embeddable":true,"href":"https:\/\/zjarr.tv\/en\/wp-json\/wp\/v2\/categories?post=107071"},{"taxonomy":"post_tag","embeddable":true,"href":"https:\/\/zjarr.tv\/en\/wp-json\/wp\/v2\/tags?post=107071"}],"curies":[{"name":"wp","href":"https:\/\/api.w.org\/{rel}","templated":true}]}}