{"id":107074,"date":"2019-09-16T10:33:37","date_gmt":"2019-09-16T08:33:37","guid":{"rendered":"https:\/\/zjarr.tv\/?p=107074"},"modified":"2019-09-16T10:33:37","modified_gmt":"2019-09-16T08:33:37","slug":"batuta-e-rames-ne-diten-e-pare-te-shkolles-me-gjeni-ne-frigorifer-ne-televizor-po-e-po","status":"publish","type":"post","link":"https:\/\/zjarr.tv\/en\/batuta-e-rames-ne-diten-e-pare-te-shkolles-me-gjeni-ne-frigorifer-ne-televizor-po-e-po\/","title":{"rendered":"Batuta e Ram\u00ebs n\u00eb dit\u00ebn e par\u00eb t\u00eb shkoll\u00ebs: M\u00eb gjeni n\u00eb frigorifer, n\u00eb televizor po e po"},"content":{"rendered":"<p>N\u00eb dit\u00ebn e par\u00eb t\u00eb shkoll\u00ebs, kryeministri Edi Rama nuk ka l\u00ebn\u00eb pas edhe batutat. Gjat\u00eb fjal\u00ebs s\u00eb tij nga shkolla &#8220;Servete Ma\u00e7i&#8221; kryeministri tha se p\u00ebr ata q\u00eb do i marr\u00eb malli p\u00ebr t\u00eb, do ta gjejn\u00eb jo vet\u00ebm n\u00eb televizor, por edhe n\u00eb frigorifer.<\/p>\n<p>Kreu i qeveris\u00eb foli p\u00ebr nx\u00ebn\u00ebsit m\u00eb t\u00eb mir\u00eb, q\u00eb si\u00e7 tha ai vijn\u00eb nga familjet e varfra.<\/p>\n<p><strong>Edi Rama:\u00a0<\/strong><em>Ne nd\u00ebr t\u00eb tjera \u00e7do vit marrim nj\u00eb num\u00ebr nx\u00ebn\u00ebsish q\u00eb mbarojn\u00eb shkoll\u00ebn e mesme dhe i \u00e7ojm\u00eb n\u00eb universitetin e teknologjis\u00eb n\u00eb Stamboll me t\u00eb cilin kemi nj\u00eb marr\u00ebveshje. Sipas vitit zgjedhim 10-15 nx\u00ebn\u00ebs pa ditur fare se kush jan\u00eb dhe nga vijn\u00eb, por thjesht nga rezultatet.<\/em><\/p>\n<p><em>Studenti m\u00eb i mir\u00eb q\u00eb u celebrua nga Universiteti ishte nj\u00eb vajz\u00eb shqiptare nga ky grup.<\/em><\/p>\n<p><em>Shumica e atyre nx\u00ebn\u00ebsve q\u00eb ne i zgjedhim thjesht duke u nisur nga pasqyra e rezultat vijn\u00eb nga familje t\u00eb varfra. Disa prej tyre nga familje me ndihm\u00eb ekonomike, kjo tregon shum\u00eb. Si\u00e7 tregon fakti se n\u00eb shum\u00eb sht\u00ebpi n\u00eb ato m\u00eb t\u00eb \u00a0paimagjinueshmet q\u00eb un\u00eb kam vizituar, ku ka pasur raste q\u00eb realisht mungonte \u00e7atia, si e till\u00eb dhe uji futej brenda kur binte shi, f\u00ebmij\u00eb q\u00eb m\u00ebsonin me \u00e7ad\u00ebr brenda n\u00eb sht\u00ebpi ishin me 10-ta. Nga ata f\u00ebmij\u00eb pjesa m\u00eb e madhe jan\u00eb \u00a0nx\u00ebn\u00ebsit m\u00eb t\u00eb mir\u00eb t\u00eb shkoll\u00ebs. Kjo flet shum\u00eb, por un\u00eb s&#8217;po flas m\u00eb shum\u00eb akoma se nd\u00ebrkoh\u00eb po ju mori malli m\u00eb keni n\u00eb frigorifer n\u00eb vijim, s\u00eb n\u00eb televizor po e po.\u00a0<\/em><\/p>\n<p>Kryeministri duke folur p\u00ebr trup\u00ebn m\u00ebsimore n\u00eb shkolla, tha se jan\u00eb m\u00eb t\u00eb mbrojtur se kurr\u00eb nga sulmet politike.<\/p>\n<p><strong>Rama:<\/strong>\u00a0<em>Sot kemi nj\u00eb trup\u00eb m\u00ebsimore t\u00eb mbrojtur nga sulmet e jashtme t\u00eb politik\u00ebs nga kthetrat e interesave politike apo edhe nga imponimet e deri djeshme t\u00eb korrupsionit dhe ryshfetit. Jo gjith\u00e7ka \u00ebsht\u00eb flori, ka edhe brenda gjith\u00eb k\u00ebtij procesi element\u00eb ende p\u00ebr tu adresuar. Ka raste q\u00eb e gjitha sh\u00ebmtohet nga shkelja e rregullave, nga tejkalimi i funksionit administrativ, nga marr\u00ebdh\u00ebnie t\u00eb paligjshme mes individ\u00ebsh, por mund ta them me plot goj\u00ebn q\u00eb n\u00ebse shohim sistemin e funksionimit t\u00eb shkoll\u00ebs dhe statusin e sot\u00ebm t\u00eb m\u00ebsuesit nuk mund t\u00eb b\u00ebjm\u00eb krahasim me situat\u00ebn q\u00eb kishim pak vite m\u00eb par\u00eb.\u00a0<\/em><\/p>\n<p>&nbsp;<\/p>","protected":false},"excerpt":{"rendered":"<p>N\u00eb dit\u00ebn e par\u00eb t\u00eb shkoll\u00ebs, kryeministri Edi Rama nuk ka l\u00ebn\u00eb pas edhe batutat. Gjat\u00eb fjal\u00ebs s\u00eb tij nga shkolla &#8220;Servete Ma\u00e7i&#8221; kryeministri tha se p\u00ebr ata q\u00eb do i marr\u00eb malli p\u00ebr t\u00eb, do ta gjejn\u00eb jo vet\u00ebm n\u00eb televizor, por edhe n\u00eb frigorifer. Kreu i qeveris\u00eb foli p\u00ebr nx\u00ebn\u00ebsit m\u00eb t\u00eb mir\u00eb, [&hellip;]<\/p>\n","protected":false},"author":4,"featured_media":95243,"comment_status":"open","ping_status":"closed","sticky":false,"template":"","format":"standard","meta":{"footnotes":""},"categories":[241,231,235],"tags":[],"class_list":{"0":"post-107074","1":"post","2":"type-post","3":"status-publish","4":"format-standard","5":"has-post-thumbnail","7":"category-aktualitet","8":"category-lajme","9":"category-vendi"},"_links":{"self":[{"href":"https:\/\/zjarr.tv\/en\/wp-json\/wp\/v2\/posts\/107074","targetHints":{"allow":["GET"]}}],"collection":[{"href":"https:\/\/zjarr.tv\/en\/wp-json\/wp\/v2\/posts"}],"about":[{"href":"https:\/\/zjarr.tv\/en\/wp-json\/wp\/v2\/types\/post"}],"author":[{"embeddable":true,"href":"https:\/\/zjarr.tv\/en\/wp-json\/wp\/v2\/users\/4"}],"replies":[{"embeddable":true,"href":"https:\/\/zjarr.tv\/en\/wp-json\/wp\/v2\/comments?post=107074"}],"version-history":[{"count":0,"href":"https:\/\/zjarr.tv\/en\/wp-json\/wp\/v2\/posts\/107074\/revisions"}],"wp:featuredmedia":[{"embeddable":true,"href":"https:\/\/zjarr.tv\/en\/wp-json\/wp\/v2\/media\/95243"}],"wp:attachment":[{"href":"https:\/\/zjarr.tv\/en\/wp-json\/wp\/v2\/media?parent=107074"}],"wp:term":[{"taxonomy":"category","embeddable":true,"href":"https:\/\/zjarr.tv\/en\/wp-json\/wp\/v2\/categories?post=107074"},{"taxonomy":"post_tag","embeddable":true,"href":"https:\/\/zjarr.tv\/en\/wp-json\/wp\/v2\/tags?post=107074"}],"curies":[{"name":"wp","href":"https:\/\/api.w.org\/{rel}","templated":true}]}}