{"id":107077,"date":"2019-09-16T10:59:02","date_gmt":"2019-09-16T08:59:02","guid":{"rendered":"https:\/\/zjarr.tv\/?p=107077"},"modified":"2019-09-16T10:59:02","modified_gmt":"2019-09-16T08:59:02","slug":"zbulohet-roli-i-te-arrestuarit-te-vetem-ne-vrasjen-e-ish-policit-santiago-malko-ne-tirane","status":"publish","type":"post","link":"https:\/\/zjarr.tv\/en\/zbulohet-roli-i-te-arrestuarit-te-vetem-ne-vrasjen-e-ish-policit-santiago-malko-ne-tirane\/","title":{"rendered":"Zbulohet roli i t\u00eb arrestuarit t\u00eb vet\u00ebm n\u00eb vrasjen e ish-policit Santiago Malko n\u00eb Tiran\u00eb"},"content":{"rendered":"<p>Blendi Teta dyshohet t\u00eb jet\u00eb personi q\u00eb ka informuar autor\u00ebt e vrasjes s\u00eb Santjago Malkos, p\u00ebr l\u00ebvizjet e k\u00ebtij t\u00eb fundit pak minuta para se t\u00eb ndodhte vrasja. Pas ndalimit nga policia, 39-vje\u00e7arit i jan\u00eb sekuestruar dy aparate celular\u00eb, kqyrja e t\u00eb cil\u00ebve pritet t\u00eb hedh\u00eb edhe m\u00eb shum\u00eb drit\u00eb mbi dyshimet e policis\u00eb.<\/p>\n<p>Efektiv\u00eb t\u00eb Sektorit Kund\u00ebr Krimeve kan\u00eb tentuar t\u00eb marrin edhe nj\u00eb her\u00eb n\u00eb pyetje 39-vje\u00e7arin Blendi Teta, tashm\u00eb i ndaluar si i dyshuar ne vrasjen e Santjago Malkos. Burime pran\u00eb grupit hetimor sqaruan p\u00ebr Report Tv se nga k\u00ebqyrja e kamerave t\u00eb siguris\u00eb, Teta \u00ebsht\u00eb v\u00ebrejtur t\u00eb kaloj\u00eb pran\u00eb vendit t\u00eb ngjarjes, duke ngritur dyshimet se mund t\u00eb jet\u00eb pjes\u00eb e atentatit ndaj Malkos. Por n\u00eb d\u00ebshmin\u00eb e par\u00eb dh\u00ebn\u00eb para grupit hetimor, 39-vje\u00e7ari ka mohuar t\u00eb jet\u00eb ndodhur aty pran\u00eb.<\/p>\n<p>I ven\u00eb p\u00ebrball\u00eb provave t\u00eb policis\u00eb, me tej Teta \u00ebsht\u00eb detyruar t\u00eb tregoj\u00eb se ka qen\u00eb vet\u00ebm nj\u00eb kalimtar i rastit dhe jo t\u00eb ket\u00eb lidhje me ngjarjen.<\/p>\n<p>Por pavar\u00ebsisht d\u00ebshmis\u00eb s\u00eb tij, policia dyshon se mund t\u00eb ket\u00eb lidhje me autor\u00ebt e vrasjes s\u00eb Santjago Malkos. P\u00ebrve\u00e7 akuz\u00ebs veprime q\u00eb pengojn\u00eb zbulimin e s\u00eb v\u00ebrtet\u00ebs, policia e akuzon at\u00eb edhe p\u00ebr d\u00ebshmi t\u00eb rrem\u00eb.<\/p>\n<p>&nbsp;<\/p>","protected":false},"excerpt":{"rendered":"<p>Blendi Teta dyshohet t\u00eb jet\u00eb personi q\u00eb ka informuar autor\u00ebt e vrasjes s\u00eb Santjago Malkos, p\u00ebr l\u00ebvizjet e k\u00ebtij t\u00eb fundit pak minuta para se t\u00eb ndodhte vrasja. Pas ndalimit nga policia, 39-vje\u00e7arit i jan\u00eb sekuestruar dy aparate celular\u00eb, kqyrja e t\u00eb cil\u00ebve pritet t\u00eb hedh\u00eb edhe m\u00eb shum\u00eb drit\u00eb mbi dyshimet e policis\u00eb. Efektiv\u00eb [&hellip;]<\/p>\n","protected":false},"author":4,"featured_media":107078,"comment_status":"open","ping_status":"closed","sticky":false,"template":"","format":"standard","meta":{"footnotes":""},"categories":[241,231,235],"tags":[],"class_list":{"0":"post-107077","1":"post","2":"type-post","3":"status-publish","4":"format-standard","5":"has-post-thumbnail","7":"category-aktualitet","8":"category-lajme","9":"category-vendi"},"_links":{"self":[{"href":"https:\/\/zjarr.tv\/en\/wp-json\/wp\/v2\/posts\/107077","targetHints":{"allow":["GET"]}}],"collection":[{"href":"https:\/\/zjarr.tv\/en\/wp-json\/wp\/v2\/posts"}],"about":[{"href":"https:\/\/zjarr.tv\/en\/wp-json\/wp\/v2\/types\/post"}],"author":[{"embeddable":true,"href":"https:\/\/zjarr.tv\/en\/wp-json\/wp\/v2\/users\/4"}],"replies":[{"embeddable":true,"href":"https:\/\/zjarr.tv\/en\/wp-json\/wp\/v2\/comments?post=107077"}],"version-history":[{"count":0,"href":"https:\/\/zjarr.tv\/en\/wp-json\/wp\/v2\/posts\/107077\/revisions"}],"wp:featuredmedia":[{"embeddable":true,"href":"https:\/\/zjarr.tv\/en\/wp-json\/wp\/v2\/media\/107078"}],"wp:attachment":[{"href":"https:\/\/zjarr.tv\/en\/wp-json\/wp\/v2\/media?parent=107077"}],"wp:term":[{"taxonomy":"category","embeddable":true,"href":"https:\/\/zjarr.tv\/en\/wp-json\/wp\/v2\/categories?post=107077"},{"taxonomy":"post_tag","embeddable":true,"href":"https:\/\/zjarr.tv\/en\/wp-json\/wp\/v2\/tags?post=107077"}],"curies":[{"name":"wp","href":"https:\/\/api.w.org\/{rel}","templated":true}]}}