{"id":107084,"date":"2019-09-16T13:23:00","date_gmt":"2019-09-16T11:23:00","guid":{"rendered":"https:\/\/zjarr.tv\/?p=107084"},"modified":"2019-09-16T13:23:00","modified_gmt":"2019-09-16T11:23:00","slug":"mbyllen-3-shkolla-ne-diten-e-pare-te-shkolles-shkak-numri-i-ulet-i-nxenesve","status":"publish","type":"post","link":"https:\/\/zjarr.tv\/en\/mbyllen-3-shkolla-ne-diten-e-pare-te-shkolles-shkak-numri-i-ulet-i-nxenesve\/","title":{"rendered":"Mbyllen 3 shkolla n\u00eb dit\u00ebn e par\u00eb t\u00eb shkoll\u00ebs, shkak numri i ul\u00ebt i nx\u00ebn\u00ebsve"},"content":{"rendered":"<p>Zyra Arsimore Kuk\u00ebs njofon se 3 shkolla t\u00eb arsimit 9-vje\u00e7ar jan\u00eb propozuar p\u00ebr t\u2019u mbyllur p\u00ebr shkak t\u00eb numrit t\u00eb vog\u00ebl t\u00eb nx\u00ebn\u00ebsve.<\/p>\n<p>Mbyllja e shkollave p\u00ebr shkak t\u00eb numrit t\u00eb ul\u00ebt t\u00eb nx\u00ebn\u00ebsve po kthehet n\u00eb nj\u00eb problem shqet\u00ebsues n\u00eb vendin ton\u00eb, ve\u00e7an\u00ebrisht n\u00eb zonat rurale.<\/p>\n<div id=\"rekl-28\"><\/div>\n<p>B\u00ebhet fjale p\u00ebr Shkollen 9 vjecare Nimqe,\u00a0 ku nx\u00ebn\u00ebsit do t\u00eb transferohen n\u00eb Shkoll\u00ebn e Topojanit.<\/p>\n<p>P\u00ebr shkollen e fshatit Pist\u00eb Nj\u00ebsia Administrative Malzi, nx\u00ebn\u00ebsit do t\u00eb transferohen n\u00eb Shemeri dhe p\u00ebr shkollen Ujmisht q\u00eb nxenesit do transferohen n\u00eb Malqen\u00eb.<\/p>\n<p>P\u00ebr t\u00eb treja k\u00ebto l\u00ebvizje do t\u00eb pyeten edhe prind\u00ebrit, n\u00eb m\u00ebnyr\u00eb q\u00eb m\u00eb pas t\u00eb realizohet transportimi i nx\u00ebn\u00ebsve.<\/p>\n<p>Nd\u00ebrsa Zyra Arsimore Has b\u00ebn me dije se 2 shkolla jan\u00eb propozuar p\u00ebr tu mbyllur p\u00ebr shkak t\u00eb numrit t\u00eb ul\u00ebt t\u00eb nx\u00ebn\u00ebsve.<\/p>\n<p>B\u00ebhet fjal\u00eb vetem p\u00ebr nxenesit e klases s\u00eb 6-9 t\u00eb fshatit Muj\u00eb, nd\u00ebrsa nx\u00ebn\u00ebsit e ciklit fillor do zhvillojn\u00eb m\u00ebsimin aty ku jan\u00eb por problem ngelet transporti i nxenesve ne k\u00ebt\u00eb zon\u00eb pasi jane 12 km rrug\u00eb nga fshati Muj\u00eb deri n\u00eb qytet t\u00eb pa asfaltuar dhe ka munges\u00eb t\u00eb mjeteve t\u00eb transportit.<\/p>\n<p>Gjithashtu edhe p\u00ebr nx\u00ebn\u00ebsit e klasave t\u00eb 6-9 t\u00eb shkoll\u00ebs 9 vje\u00e7are n\u00eb fshatin Zgje\u00e7 t\u00eb cil\u00ebt mendohet t\u00eb transferohen n\u00eb shkoll\u00ebn e fshatit Letaj 6k m por edhe n\u00eb k\u00ebt\u00eb zone nuk mjete t\u00eb transportit fugona.<\/p>\n<p>Gjithashtu edhe Zyra Arsimore Tropoje ben me dije se ju \u00ebsht\u00eb propozuar prind\u00ebrve t\u00eb nx\u00ebn\u00ebsve t\u00eb shkoll\u00ebs s\u00eb fahatit Plan p\u00ebr tu transferuar n\u00eb shkoll\u00ebn 9 vje\u00e7are n\u00eb Fierz\u00eb, ku transporti do t\u00eb realizohet nga Bashkia.<\/p>","protected":false},"excerpt":{"rendered":"<p>Zyra Arsimore Kuk\u00ebs njofon se 3 shkolla t\u00eb arsimit 9-vje\u00e7ar jan\u00eb propozuar p\u00ebr t\u2019u mbyllur p\u00ebr shkak t\u00eb numrit t\u00eb vog\u00ebl t\u00eb nx\u00ebn\u00ebsve. Mbyllja e shkollave p\u00ebr shkak t\u00eb numrit t\u00eb ul\u00ebt t\u00eb nx\u00ebn\u00ebsve po kthehet n\u00eb nj\u00eb problem shqet\u00ebsues n\u00eb vendin ton\u00eb, ve\u00e7an\u00ebrisht n\u00eb zonat rurale. B\u00ebhet fjale p\u00ebr Shkollen 9 vjecare Nimqe,\u00a0 ku [&hellip;]<\/p>\n","protected":false},"author":2013,"featured_media":107085,"comment_status":"open","ping_status":"closed","sticky":false,"template":"","format":"standard","meta":{"footnotes":""},"categories":[241,235],"tags":[],"class_list":{"0":"post-107084","1":"post","2":"type-post","3":"status-publish","4":"format-standard","5":"has-post-thumbnail","7":"category-aktualitet","8":"category-vendi"},"_links":{"self":[{"href":"https:\/\/zjarr.tv\/en\/wp-json\/wp\/v2\/posts\/107084","targetHints":{"allow":["GET"]}}],"collection":[{"href":"https:\/\/zjarr.tv\/en\/wp-json\/wp\/v2\/posts"}],"about":[{"href":"https:\/\/zjarr.tv\/en\/wp-json\/wp\/v2\/types\/post"}],"author":[{"embeddable":true,"href":"https:\/\/zjarr.tv\/en\/wp-json\/wp\/v2\/users\/2013"}],"replies":[{"embeddable":true,"href":"https:\/\/zjarr.tv\/en\/wp-json\/wp\/v2\/comments?post=107084"}],"version-history":[{"count":0,"href":"https:\/\/zjarr.tv\/en\/wp-json\/wp\/v2\/posts\/107084\/revisions"}],"wp:featuredmedia":[{"embeddable":true,"href":"https:\/\/zjarr.tv\/en\/wp-json\/wp\/v2\/media\/107085"}],"wp:attachment":[{"href":"https:\/\/zjarr.tv\/en\/wp-json\/wp\/v2\/media?parent=107084"}],"wp:term":[{"taxonomy":"category","embeddable":true,"href":"https:\/\/zjarr.tv\/en\/wp-json\/wp\/v2\/categories?post=107084"},{"taxonomy":"post_tag","embeddable":true,"href":"https:\/\/zjarr.tv\/en\/wp-json\/wp\/v2\/tags?post=107084"}],"curies":[{"name":"wp","href":"https:\/\/api.w.org\/{rel}","templated":true}]}}