{"id":107093,"date":"2019-09-16T13:25:03","date_gmt":"2019-09-16T11:25:03","guid":{"rendered":"https:\/\/zjarr.tv\/?p=107093"},"modified":"2019-09-16T13:25:03","modified_gmt":"2019-09-16T11:25:03","slug":"petrit-vasili-sherimin-e-vetem-per-shqiperine-na-e-tregon-borsellino","status":"publish","type":"post","link":"https:\/\/zjarr.tv\/en\/petrit-vasili-sherimin-e-vetem-per-shqiperine-na-e-tregon-borsellino\/","title":{"rendered":"Petrit Vasili: Sh\u00ebrimin e vet\u00ebm p\u00ebr Shqip\u00ebrin\u00eb na e tregon Borsellino!"},"content":{"rendered":"<p>Kreu i LSI-s\u00eb Petrit Vasili ka reaguar n\u00eb Facebook lidhur me gjendjen aktuale politiko-sociale n\u00eb Shqip\u00ebri, duke vendosur theksin te ila\u00e7i i sh\u00ebrimit t\u00eb k\u00ebsaj situate.<\/p>\n<p>Ai i refrohet heroit italian t\u00eb luft\u00ebs kund\u00ebr mafies, Paolo Borsellino, duke e perifrazuar nj\u00eb shprehje t\u00eb tij, ku thekson se \u2018lapsi \u00ebsht\u00eb m\u00eb i fort\u00eb se \u00e7do arm\u00eb, m\u00eb i rreziksh\u00ebm se nj\u00eb revole dhe m\u00eb e mpreht\u00eb se nj\u00eb thik\u00eb\u2019.<\/p>\n<div id=\"rekl-28\"><\/div>\n<p>Postimi i plot\u00eb i Petrit Vasilit.<\/p>\n<div id=\"rekl-13\">\n<div id=\"__sap-ad-15\" class=\"__sap-ads __sap-html tracked\" data-title=\"Credins desktop 08\"><\/div>\n<\/div>\n<p>Sh\u00ebrimin e vet\u00ebm p\u00ebr Shqip\u00ebrin\u00eb na e tregon Borsellino!<\/p>\n<p>Paolo Borsellino nj\u00eb hero i v\u00ebrtet\u00eb i luft\u00ebs kund\u00ebr mafies, krimit dhe trafikant\u00ebve thot\u00eb:<\/p>\n<p>&#8220;Revolucioni zhvillohet n\u00eb sheshe me njer\u00ebzit, por ndryshimi ndodh brenda kabin\u00ebs s\u00eb votimit me laps n\u00eb dor\u00eb. Ai laps eshte m\u00eb i fort\u00eb se \u00e7do arm\u00eb, m\u00eb i rreziksh\u00ebm se nj\u00eb revole dhe m\u00eb e mpreht\u00eb se nj\u00eb thik\u00eb \u201d.<\/p>\n<p>P\u00ebr k\u00ebt\u00eb laps, q\u00eb \u00ebsht\u00eb m\u00eb e forta arm\u00eb, ka nevoj\u00eb ul\u00ebrit\u00ebse Shqip\u00ebria q\u00eb ndodhet n\u00eb nj\u00eb kom\u00eb politike, sociale dhe ekonomike dhe ku antishteti sundon kund\u00ebr qytetar\u00ebve.<\/p>","protected":false},"excerpt":{"rendered":"<p>Kreu i LSI-s\u00eb Petrit Vasili ka reaguar n\u00eb Facebook lidhur me gjendjen aktuale politiko-sociale n\u00eb Shqip\u00ebri, duke vendosur theksin te ila\u00e7i i sh\u00ebrimit t\u00eb k\u00ebsaj situate. Ai i refrohet heroit italian t\u00eb luft\u00ebs kund\u00ebr mafies, Paolo Borsellino, duke e perifrazuar nj\u00eb shprehje t\u00eb tij, ku thekson se \u2018lapsi \u00ebsht\u00eb m\u00eb i fort\u00eb se \u00e7do arm\u00eb, [&hellip;]<\/p>\n","protected":false},"author":2013,"featured_media":60143,"comment_status":"open","ping_status":"closed","sticky":false,"template":"","format":"standard","meta":{"footnotes":""},"categories":[241,235],"tags":[],"class_list":{"0":"post-107093","1":"post","2":"type-post","3":"status-publish","4":"format-standard","5":"has-post-thumbnail","7":"category-aktualitet","8":"category-vendi"},"_links":{"self":[{"href":"https:\/\/zjarr.tv\/en\/wp-json\/wp\/v2\/posts\/107093","targetHints":{"allow":["GET"]}}],"collection":[{"href":"https:\/\/zjarr.tv\/en\/wp-json\/wp\/v2\/posts"}],"about":[{"href":"https:\/\/zjarr.tv\/en\/wp-json\/wp\/v2\/types\/post"}],"author":[{"embeddable":true,"href":"https:\/\/zjarr.tv\/en\/wp-json\/wp\/v2\/users\/2013"}],"replies":[{"embeddable":true,"href":"https:\/\/zjarr.tv\/en\/wp-json\/wp\/v2\/comments?post=107093"}],"version-history":[{"count":0,"href":"https:\/\/zjarr.tv\/en\/wp-json\/wp\/v2\/posts\/107093\/revisions"}],"wp:featuredmedia":[{"embeddable":true,"href":"https:\/\/zjarr.tv\/en\/wp-json\/wp\/v2\/media\/60143"}],"wp:attachment":[{"href":"https:\/\/zjarr.tv\/en\/wp-json\/wp\/v2\/media?parent=107093"}],"wp:term":[{"taxonomy":"category","embeddable":true,"href":"https:\/\/zjarr.tv\/en\/wp-json\/wp\/v2\/categories?post=107093"},{"taxonomy":"post_tag","embeddable":true,"href":"https:\/\/zjarr.tv\/en\/wp-json\/wp\/v2\/tags?post=107093"}],"curies":[{"name":"wp","href":"https:\/\/api.w.org\/{rel}","templated":true}]}}