{"id":107098,"date":"2019-09-16T13:26:36","date_gmt":"2019-09-16T11:26:36","guid":{"rendered":"https:\/\/zjarr.tv\/?p=107098"},"modified":"2019-09-16T13:26:36","modified_gmt":"2019-09-16T11:26:36","slug":"meta-mesazh-politikes-te-punojme-per-te-ardhmen-europiane-te-shqiperise","status":"publish","type":"post","link":"https:\/\/zjarr.tv\/en\/meta-mesazh-politikes-te-punojme-per-te-ardhmen-europiane-te-shqiperise\/","title":{"rendered":"Meta mesazh politik\u00ebs: T\u00eb punojm\u00eb p\u00ebr t\u00eb ardhmen europiane t\u00eb Shqip\u00ebris\u00eb"},"content":{"rendered":"<div class=\"readmore-text-here\">\n<p>Ilir Meta foli sot n\u00eb p\u00ebrkujtim t\u00eb 77-vjetorit t\u00eb Konferenc\u00ebs s\u00eb Pez\u00ebs.<\/p>\n<p>Gjat\u00eb fjal\u00ebs s\u00eb tij, nd\u00ebr t\u00eb tjera ai u shpreh se t\u00eb gjit\u00eb shqiptar\u00ebt t\u00eb bashkhen pa dallim feje, krahine, ideje, n\u00eb k\u00ebt\u00eb dit\u00eb t\u00eb r\u00ebnd\u00ebsishme, n\u00eb p\u00ebrkujtim t\u00eb d\u00ebshmor\u00ebve.<\/p>\n<p>Sakrifica si asnj\u00eb krahin\u00eb tjet\u00ebr kan\u00eb ndodhur n\u00eb Pez\u00eb, ku u masakrua u martirizua, por nuk u dor\u00ebzua.<\/p>\n<div id=\"rekl-13\">\n<div id=\"__sap-ad-15\" class=\"__sap-ads __sap-html tracked\" data-title=\"Credins desktop 08\"><ins><\/p>\n<div id=\"beacon_7093f7323a\"><img loading=\"lazy\" decoding=\"async\" src=\"https:\/\/ads1.medium.al\/www\/delivery\/lg.php?bannerid=373&amp;campaignid=48&amp;zoneid=182&amp;loc=https%3A%2F%2Fwww.syri.net%2Fpolitike%2F280815%2Fvideo-meta-mesazh-politikes-te-punojme-per-te-ardhmen-europiane-te-shqiperise%2F&amp;referer=https%3A%2F%2Fwww.syri.net%2Flajme%2F&amp;cb=7093f7323a\" alt=\"\" width=\"0\" height=\"0\" \/><\/div>\n<p><\/ins><\/div>\n<\/div>\n<p>Konferenca \u00ebsht\u00eb historike sepse hodhi themelet e gjith\u00eb luft\u00ebs anti fashiste. Ishte koferenca e par\u00eb pluraliste, mbi interesat paciale p\u00ebr interesin komb\u00ebtar.<\/p>\n<p>Ngjarje madhore q\u00eb na fton\u00eb t\u00eb gjith\u00ebve t\u00eb bashkohemi.<\/p>\n<p>Peza \u00ebsht\u00eb amaneti i atyre q\u00eb dhan\u00eb jet\u00ebn. Objektivi yn\u00eb komb\u00ebtar integrimi i Shqip\u00ebris\u00eb.<\/p>\n<\/div>\n<div id=\"rekl-33\"><\/div>","protected":false},"excerpt":{"rendered":"<p>Ilir Meta foli sot n\u00eb p\u00ebrkujtim t\u00eb 77-vjetorit t\u00eb Konferenc\u00ebs s\u00eb Pez\u00ebs. Gjat\u00eb fjal\u00ebs s\u00eb tij, nd\u00ebr t\u00eb tjera ai u shpreh se t\u00eb gjit\u00eb shqiptar\u00ebt t\u00eb bashkhen pa dallim feje, krahine, ideje, n\u00eb k\u00ebt\u00eb dit\u00eb t\u00eb r\u00ebnd\u00ebsishme, n\u00eb p\u00ebrkujtim t\u00eb d\u00ebshmor\u00ebve. Sakrifica si asnj\u00eb krahin\u00eb tjet\u00ebr kan\u00eb ndodhur n\u00eb Pez\u00eb, ku u masakrua u [&hellip;]<\/p>\n","protected":false},"author":2013,"featured_media":107100,"comment_status":"open","ping_status":"closed","sticky":false,"template":"","format":"standard","meta":{"footnotes":""},"categories":[241,235],"tags":[],"class_list":{"0":"post-107098","1":"post","2":"type-post","3":"status-publish","4":"format-standard","5":"has-post-thumbnail","7":"category-aktualitet","8":"category-vendi"},"_links":{"self":[{"href":"https:\/\/zjarr.tv\/en\/wp-json\/wp\/v2\/posts\/107098","targetHints":{"allow":["GET"]}}],"collection":[{"href":"https:\/\/zjarr.tv\/en\/wp-json\/wp\/v2\/posts"}],"about":[{"href":"https:\/\/zjarr.tv\/en\/wp-json\/wp\/v2\/types\/post"}],"author":[{"embeddable":true,"href":"https:\/\/zjarr.tv\/en\/wp-json\/wp\/v2\/users\/2013"}],"replies":[{"embeddable":true,"href":"https:\/\/zjarr.tv\/en\/wp-json\/wp\/v2\/comments?post=107098"}],"version-history":[{"count":0,"href":"https:\/\/zjarr.tv\/en\/wp-json\/wp\/v2\/posts\/107098\/revisions"}],"wp:featuredmedia":[{"embeddable":true,"href":"https:\/\/zjarr.tv\/en\/wp-json\/wp\/v2\/media\/107100"}],"wp:attachment":[{"href":"https:\/\/zjarr.tv\/en\/wp-json\/wp\/v2\/media?parent=107098"}],"wp:term":[{"taxonomy":"category","embeddable":true,"href":"https:\/\/zjarr.tv\/en\/wp-json\/wp\/v2\/categories?post=107098"},{"taxonomy":"post_tag","embeddable":true,"href":"https:\/\/zjarr.tv\/en\/wp-json\/wp\/v2\/tags?post=107098"}],"curies":[{"name":"wp","href":"https:\/\/api.w.org\/{rel}","templated":true}]}}