{"id":107116,"date":"2019-09-16T13:32:48","date_gmt":"2019-09-16T11:32:48","guid":{"rendered":"https:\/\/zjarr.tv\/?p=107116"},"modified":"2019-09-16T13:32:48","modified_gmt":"2019-09-16T11:32:48","slug":"godet-avni-devlina-rilindja-kjo-shkaterrimtare-e-shqiperise","status":"publish","type":"post","link":"https:\/\/zjarr.tv\/en\/godet-avni-devlina-rilindja-kjo-shkaterrimtare-e-shqiperise\/","title":{"rendered":"Godet Avni Devlina: Rilindja, kjo shkat\u00ebrrimtare e Shqip\u00ebris\u00eb"},"content":{"rendered":"<div class=\"readmore-text-here\">\n<p>Situata n\u00eb t\u00eb cil\u00ebn ndodhet vendit sot duke se ka nxit grafistin e njohur Avni Delvina q\u00eb t\u00eb publikoj\u00eb nje punim t\u00eb fndit t\u00eb cilin\u00a0 e ka shpr\u00ebndar\u00eb n\u00eb faqen e tij n\u00eb facebook.<br \/>\n\u201cDikur me anije&#8230; e sot me aviona !!!!\u201d, shkruna ai n\u00eb tekstin q\u00eb shoq\u00ebron punimin e radh\u00ebs.<\/p>\n<p><strong>Ja postimi i tij i plot\u00eb:<\/strong><\/p>\n<div id=\"rekl-28\"><\/div>\n<p>Grafike me titull &#8220;RILINDJA, kjo shkaterrimtare e Shqiperise&#8221;<br \/>\nDikur me anije&#8230; e sot me aviona !!!!<\/p>\n<div id=\"rekl-13\">\n<div id=\"__sap-ad-15\" class=\"__sap-ads __sap-html tracked\" data-title=\"Credins desktop 08\"><ins><\/p>\n<div id=\"beacon_98574dbb9f\"><img loading=\"lazy\" decoding=\"async\" src=\"https:\/\/ads1.medium.al\/www\/delivery\/lg.php?bannerid=373&amp;campaignid=48&amp;zoneid=182&amp;loc=https%3A%2F%2Fwww.syri.net%2Fpolitike%2F280836%2Ffoto-dikur-me-anije-e-sot-me-aviona-godet-avni-devlina-rilindja-kjo-shkaterrimtare-e-shqiperise%2F&amp;referer=https%3A%2F%2Fwww.syri.net%2Flajme%2F&amp;cb=98574dbb9f\" alt=\"\" width=\"0\" height=\"0\" \/><\/div>\n<p><\/ins><\/div>\n<\/div>\n<p><img decoding=\"async\" src=\"https:\/\/www.syri.net\/uploads\/syri.net\/images\/2019\/September\/16\/auto_avni_delvina_fcb1568628991.png\" alt=\"Image\" \/><\/p>\n<\/div>\n<div id=\"rekl-33\"><\/div>\n<p>\u00a9 SYRI.net<\/p>","protected":false},"excerpt":{"rendered":"<p>Situata n\u00eb t\u00eb cil\u00ebn ndodhet vendit sot duke se ka nxit grafistin e njohur Avni Delvina q\u00eb t\u00eb publikoj\u00eb nje punim t\u00eb fndit t\u00eb cilin\u00a0 e ka shpr\u00ebndar\u00eb n\u00eb faqen e tij n\u00eb facebook. \u201cDikur me anije&#8230; e sot me aviona !!!!\u201d, shkruna ai n\u00eb tekstin q\u00eb shoq\u00ebron punimin e radh\u00ebs. Ja postimi i tij [&hellip;]<\/p>\n","protected":false},"author":2013,"featured_media":107118,"comment_status":"open","ping_status":"closed","sticky":false,"template":"","format":"standard","meta":{"footnotes":""},"categories":[241,235],"tags":[],"class_list":{"0":"post-107116","1":"post","2":"type-post","3":"status-publish","4":"format-standard","5":"has-post-thumbnail","7":"category-aktualitet","8":"category-vendi"},"_links":{"self":[{"href":"https:\/\/zjarr.tv\/en\/wp-json\/wp\/v2\/posts\/107116","targetHints":{"allow":["GET"]}}],"collection":[{"href":"https:\/\/zjarr.tv\/en\/wp-json\/wp\/v2\/posts"}],"about":[{"href":"https:\/\/zjarr.tv\/en\/wp-json\/wp\/v2\/types\/post"}],"author":[{"embeddable":true,"href":"https:\/\/zjarr.tv\/en\/wp-json\/wp\/v2\/users\/2013"}],"replies":[{"embeddable":true,"href":"https:\/\/zjarr.tv\/en\/wp-json\/wp\/v2\/comments?post=107116"}],"version-history":[{"count":0,"href":"https:\/\/zjarr.tv\/en\/wp-json\/wp\/v2\/posts\/107116\/revisions"}],"wp:featuredmedia":[{"embeddable":true,"href":"https:\/\/zjarr.tv\/en\/wp-json\/wp\/v2\/media\/107118"}],"wp:attachment":[{"href":"https:\/\/zjarr.tv\/en\/wp-json\/wp\/v2\/media?parent=107116"}],"wp:term":[{"taxonomy":"category","embeddable":true,"href":"https:\/\/zjarr.tv\/en\/wp-json\/wp\/v2\/categories?post=107116"},{"taxonomy":"post_tag","embeddable":true,"href":"https:\/\/zjarr.tv\/en\/wp-json\/wp\/v2\/tags?post=107116"}],"curies":[{"name":"wp","href":"https:\/\/api.w.org\/{rel}","templated":true}]}}