{"id":107119,"date":"2019-09-16T13:33:25","date_gmt":"2019-09-16T11:33:25","guid":{"rendered":"https:\/\/zjarr.tv\/?p=107119"},"modified":"2019-09-16T13:33:25","modified_gmt":"2019-09-16T11:33:25","slug":"nje-urim-te-perzemert-per-nxenesit-prinderit-mesuesit-e-tyre-ne-diten-e-pare-te-shkolles","status":"publish","type":"post","link":"https:\/\/zjarr.tv\/en\/nje-urim-te-perzemert-per-nxenesit-prinderit-mesuesit-e-tyre-ne-diten-e-pare-te-shkolles\/","title":{"rendered":"Nj\u00eb urim t\u00eb p\u00ebrzem\u00ebrt p\u00ebr nx\u00ebn\u00ebsit, prind\u00ebrit, mesuesit e tyre n\u00eb dit\u00ebn e par\u00eb t\u00eb shkoll\u00ebs!"},"content":{"rendered":"<div class=\"readmore-text-here\">\n<p>Nj\u00eb urim t\u00eb p\u00ebrzem\u00ebrt p\u00ebr nx\u00ebn\u00ebsit, prind\u00ebrit, mesuesit e tyre n\u00eb dit\u00ebn e par\u00eb t\u00eb shkoll\u00ebs!<\/p>\n<p>Nj\u00eb urim t\u00eb p\u00ebrzemert p\u00ebr t\u00eb gjith\u00eb nx\u00ebn\u00ebsit, shkollar\u00ebt e vendit n\u00eb t\u00ebrsi dhe voglush\u00ebt e klas\u00ebs s\u00eb par\u00eb n\u00eb ve\u00e7anti q\u00eb ulen sot n\u00eb bankat e klasave t\u00eb tyre dhe nisin vitin e ri shkollor 2019-2020.<\/p>\n<p>Le t\u00eb jet\u00eb p\u00ebr ta nj\u00eb vit plot shendet, energji dhe suksese n\u00eb gar\u00ebn e tyre fisnike t\u00eb dijes.<\/p>\n<p>Gjithashtu nga zemra le t\u00eb urojm\u00eb m\u00ebsuesit e vendit, t\u00eb cil\u00ebt nisin vitin e ri shkollor me nj\u00eb rroge 15% m\u00eb t\u00eb ulet se sa gjasht\u00eb vite m\u00eb par\u00eb, t\u00eb injoruar nga narkoshteti, t\u00eb p\u00ebr\u00e7muar dhe me koleg\u00eb militant\u00eb t\u00eb partis\u00eb kanabiste, shum\u00eb prej t\u00eb cilve t\u00eb padenj\u00eb p\u00ebr t\u00eb hyr\u00eb n\u00eb shkollat tona, q\u00eb n\u00eb vend t\u00eb dijeve iu shp\u00ebrndajn\u00eb drog\u00eb femij\u00ebve tan\u00eb.<\/p>\n<p>Nj\u00eb urim t\u00eb ve\u00e7ant\u00eb p\u00ebr t\u00eb gjith\u00eb prind\u00ebrit q\u00eb p\u00ebrcjellin femij\u00ebt e tyre n\u00eb dit\u00ebn e par\u00eb t\u00eb shkoll\u00ebs dhe q\u00eb p\u00ebr dhjetra mijra prej tyre kushtet e ekonomike dhe siguria e femij\u00ebve t\u00eb tyre b\u00ebhen gjithnj\u00eb e m\u00eb t\u00eb v\u00ebshtira e m\u00eb problematike.<\/p>\n<p>Kjo dit\u00eb e r\u00ebndesishme n\u00eb jet\u00ebn e femij\u00ebve tan\u00eb \u00ebsht\u00eb gjithashtu nj\u00eb ftes\u00eb p\u00ebr \u00e7do shqiptar p\u00ebr t\u00eb p\u00ebrmbysur sa m\u00eb par\u00eb rregjimin e mafies s\u00eb drog\u00ebs dhe kakistokracis\u00eb n\u00eb Shqip\u00ebri.<\/p>\n<p>Urime dhe suksese p\u00ebr t\u00eb gjith\u00eb f\u00ebmij\u00ebt, mesuesit dhe prind\u00ebrit e Shqip\u00ebrise! sb<\/p>\n<p><img decoding=\"async\" src=\"https:\/\/www.syri.net\/uploads\/syri.net\/images\/2019\/September\/16\/auto_berisha_fcb1568633123.png\" alt=\"Image\" \/><\/p>\n<\/div>\n<div id=\"rekl-33\"><\/div>","protected":false},"excerpt":{"rendered":"<p>Nj\u00eb urim t\u00eb p\u00ebrzem\u00ebrt p\u00ebr nx\u00ebn\u00ebsit, prind\u00ebrit, mesuesit e tyre n\u00eb dit\u00ebn e par\u00eb t\u00eb shkoll\u00ebs! Nj\u00eb urim t\u00eb p\u00ebrzemert p\u00ebr t\u00eb gjith\u00eb nx\u00ebn\u00ebsit, shkollar\u00ebt e vendit n\u00eb t\u00ebrsi dhe voglush\u00ebt e klas\u00ebs s\u00eb par\u00eb n\u00eb ve\u00e7anti q\u00eb ulen sot n\u00eb bankat e klasave t\u00eb tyre dhe nisin vitin e ri shkollor 2019-2020. Le t\u00eb [&hellip;]<\/p>\n","protected":false},"author":2013,"featured_media":107121,"comment_status":"open","ping_status":"closed","sticky":false,"template":"","format":"standard","meta":{"footnotes":""},"categories":[241,235],"tags":[],"class_list":{"0":"post-107119","1":"post","2":"type-post","3":"status-publish","4":"format-standard","5":"has-post-thumbnail","7":"category-aktualitet","8":"category-vendi"},"_links":{"self":[{"href":"https:\/\/zjarr.tv\/en\/wp-json\/wp\/v2\/posts\/107119","targetHints":{"allow":["GET"]}}],"collection":[{"href":"https:\/\/zjarr.tv\/en\/wp-json\/wp\/v2\/posts"}],"about":[{"href":"https:\/\/zjarr.tv\/en\/wp-json\/wp\/v2\/types\/post"}],"author":[{"embeddable":true,"href":"https:\/\/zjarr.tv\/en\/wp-json\/wp\/v2\/users\/2013"}],"replies":[{"embeddable":true,"href":"https:\/\/zjarr.tv\/en\/wp-json\/wp\/v2\/comments?post=107119"}],"version-history":[{"count":0,"href":"https:\/\/zjarr.tv\/en\/wp-json\/wp\/v2\/posts\/107119\/revisions"}],"wp:featuredmedia":[{"embeddable":true,"href":"https:\/\/zjarr.tv\/en\/wp-json\/wp\/v2\/media\/107121"}],"wp:attachment":[{"href":"https:\/\/zjarr.tv\/en\/wp-json\/wp\/v2\/media?parent=107119"}],"wp:term":[{"taxonomy":"category","embeddable":true,"href":"https:\/\/zjarr.tv\/en\/wp-json\/wp\/v2\/categories?post=107119"},{"taxonomy":"post_tag","embeddable":true,"href":"https:\/\/zjarr.tv\/en\/wp-json\/wp\/v2\/tags?post=107119"}],"curies":[{"name":"wp","href":"https:\/\/api.w.org\/{rel}","templated":true}]}}