{"id":107122,"date":"2019-09-16T13:34:05","date_gmt":"2019-09-16T11:34:05","guid":{"rendered":"https:\/\/zjarr.tv\/?p=107122"},"modified":"2019-09-16T13:34:05","modified_gmt":"2019-09-16T11:34:05","slug":"i-armatosur-e-i-dehur-ne-timon-arrestohet-45-vjecari","status":"publish","type":"post","link":"https:\/\/zjarr.tv\/en\/i-armatosur-e-i-dehur-ne-timon-arrestohet-45-vjecari\/","title":{"rendered":"I armatosur e i dehur n\u00eb timon, arrestohet 45-vje\u00e7ari"},"content":{"rendered":"<p>Nj\u00eb 45 vje\u00e7ar \u00ebsht\u00eb arrestuar nga policia n\u00eb Rrashbull t\u00eb Durr\u00ebsit, p\u00ebr veprat penale t\u00eb arm\u00ebmbajtjes pa leje dhe drejtimit t\u00eb mjetit n\u00eb gjendje t\u00eb dehur.<\/p>\n<p>45-vje\u00e7ari me iniciale G.L. banues n\u00eb Tiran\u00eb \u00ebsht\u00eb arrestuar p\u00ebr drejtimit t\u00eb mjetit n\u00eb gjendje t\u00eb dehur dhe iu sekuestrua n\u00eb cil\u00ebsin\u00eb e prov\u00ebs materiale nj\u00eb arm\u00eb zjarri tip pistolet\u00eb\u00a0 me mbishkrimin SIG-SAUER dhe nj\u00eb kreher me tre fishek\u00eb model 7.65 mm.<\/p>\n<p>Njoftimi i policis\u00eb:<\/p>\n<div id=\"rekl-13\">\n<div id=\"__sap-ad-15\" class=\"__sap-ads __sap-html tracked\" data-title=\"Credins desktop 08\"><ins><\/p>\n<div id=\"beacon_8927fd9b4e\"><img loading=\"lazy\" decoding=\"async\" src=\"https:\/\/ads1.medium.al\/www\/delivery\/lg.php?bannerid=373&amp;campaignid=48&amp;zoneid=182&amp;loc=https%3A%2F%2Fwww.syri.net%2Fkronike%2F280839%2Fi-armatosur-e-i-dehur-ne-timon-arrestohet-45-vjecari%2F&amp;referer=https%3A%2F%2Fwww.syri.net%2Flajme%2F&amp;cb=8927fd9b4e\" alt=\"\" width=\"0\" height=\"0\" \/><\/div>\n<p><\/ins><\/div>\n<\/div>\n<p>Arrestohet n\u00eb flagrac\u00eb 45 vje\u00e7ari p\u00ebr veprat penale t\u00eb arm\u00ebmbajtjes pa leje dhe drejtimit t\u00eb mjetit n\u00eb gjendje t\u00eb dehur.<\/p>\n<p>Specialist\u00ebt p\u00ebr Krimet n\u00eb Komisariatin e Policis\u00eb Durr\u00ebs kan\u00eb arrestuar n\u00eb flagranc\u00eb shtetasin G.K., 45 vje\u00e7, banues n\u00eb Tiran\u00eb, pasi n\u00eb Rrashbull, Durr\u00ebs, gjat\u00eb kontrollit t\u00eb ushtruar n\u00eb mjetin e tij, t\u00eb cilin e drejtonte n\u00eb gjendje t\u00eb dehur i\u2019 u gjet dhe sekuestrua n\u00eb cil\u00ebsin\u00eb e prov\u00ebs materiale nj\u00eb arm\u00eb zjarri tip pistolet\u00eb\u00a0 me mbishkrimin SIG-SAUER, dhe nj\u00eb kreher me tre fishek\u00eb model 7.65 mm.<\/p>\n<p>Materialet i kaluan Prokuroris\u00eb s\u00eb Rrethit Gjyq\u00ebsor Durr\u00ebs p\u00ebr veprime t\u00eb m\u00ebtejshme.<\/p>","protected":false},"excerpt":{"rendered":"<p>Nj\u00eb 45 vje\u00e7ar \u00ebsht\u00eb arrestuar nga policia n\u00eb Rrashbull t\u00eb Durr\u00ebsit, p\u00ebr veprat penale t\u00eb arm\u00ebmbajtjes pa leje dhe drejtimit t\u00eb mjetit n\u00eb gjendje t\u00eb dehur. 45-vje\u00e7ari me iniciale G.L. banues n\u00eb Tiran\u00eb \u00ebsht\u00eb arrestuar p\u00ebr drejtimit t\u00eb mjetit n\u00eb gjendje t\u00eb dehur dhe iu sekuestrua n\u00eb cil\u00ebsin\u00eb e prov\u00ebs materiale nj\u00eb arm\u00eb zjarri tip [&hellip;]<\/p>\n","protected":false},"author":2013,"featured_media":107124,"comment_status":"open","ping_status":"closed","sticky":false,"template":"","format":"standard","meta":{"footnotes":""},"categories":[241,235],"tags":[],"class_list":{"0":"post-107122","1":"post","2":"type-post","3":"status-publish","4":"format-standard","5":"has-post-thumbnail","7":"category-aktualitet","8":"category-vendi"},"_links":{"self":[{"href":"https:\/\/zjarr.tv\/en\/wp-json\/wp\/v2\/posts\/107122","targetHints":{"allow":["GET"]}}],"collection":[{"href":"https:\/\/zjarr.tv\/en\/wp-json\/wp\/v2\/posts"}],"about":[{"href":"https:\/\/zjarr.tv\/en\/wp-json\/wp\/v2\/types\/post"}],"author":[{"embeddable":true,"href":"https:\/\/zjarr.tv\/en\/wp-json\/wp\/v2\/users\/2013"}],"replies":[{"embeddable":true,"href":"https:\/\/zjarr.tv\/en\/wp-json\/wp\/v2\/comments?post=107122"}],"version-history":[{"count":0,"href":"https:\/\/zjarr.tv\/en\/wp-json\/wp\/v2\/posts\/107122\/revisions"}],"wp:featuredmedia":[{"embeddable":true,"href":"https:\/\/zjarr.tv\/en\/wp-json\/wp\/v2\/media\/107124"}],"wp:attachment":[{"href":"https:\/\/zjarr.tv\/en\/wp-json\/wp\/v2\/media?parent=107122"}],"wp:term":[{"taxonomy":"category","embeddable":true,"href":"https:\/\/zjarr.tv\/en\/wp-json\/wp\/v2\/categories?post=107122"},{"taxonomy":"post_tag","embeddable":true,"href":"https:\/\/zjarr.tv\/en\/wp-json\/wp\/v2\/tags?post=107122"}],"curies":[{"name":"wp","href":"https:\/\/api.w.org\/{rel}","templated":true}]}}