{"id":107130,"date":"2019-09-16T15:28:58","date_gmt":"2019-09-16T13:28:58","guid":{"rendered":"https:\/\/zjarr.tv\/?p=107130"},"modified":"2019-09-16T15:28:58","modified_gmt":"2019-09-16T13:28:58","slug":"babai-humbi-jeten-ne-camp-adazi-xhacka-shoqeron-ne-shkolle-femijet-e-major-tanushit","status":"publish","type":"post","link":"https:\/\/zjarr.tv\/en\/babai-humbi-jeten-ne-camp-adazi-xhacka-shoqeron-ne-shkolle-femijet-e-major-tanushit\/","title":{"rendered":"Babai humbi jet\u00ebn n\u00eb camp Adazi, Xha\u00e7ka shoq\u00ebron n\u00eb shkoll\u00eb f\u00ebmij\u00ebt e major Tanushit"},"content":{"rendered":"<p>Ministrja e Mbrojtjes Olta Xhacka ka shoq\u00ebruar sot n\u00eb dit\u00ebn e par\u00eb t\u00eb shkoll\u00ebs dy djemt\u00eb e major Klodian Tanushit, r\u00ebn\u00eb n\u00eb krye t\u00eb detyr\u00ebs pak muaj m\u00eb par\u00eb n\u00eb camp Adazi t\u00eb Letonis\u00eb. n\u00eb nj\u00eb postim n\u00eb facebook, ku ndan me ndjek\u00ebsit emocionet e dit\u00ebs s\u00eb par\u00eb t\u00eb shkoll\u00ebs p\u00ebr f\u00ebmij\u00ebt, Xhacka shkruan se familja e madhe e Forcave t\u00eb Armatosura i gjendet pran\u00eb \u00e7do efektivi t\u00eb saj, jo vet\u00ebm me fjal\u00eb por edhe me vepra p\u00ebr at\u00eb \u00e7\u2019ka kan\u00eb m\u00eb t\u00eb shtrenjt\u00eb n\u00eb jet\u00eb.<\/p>\n<div id=\"sovrn\" class=\"desktop_ad ad_bottom_space\"><\/div>\n<p>\u201cV\u00ebrtet\u00eb e emocionuar q\u00eb bashk\u00eb me n\u00ebn\u00ebn dhe dy gjysh\u00ebrit, shoq\u00ebruam n\u00eb dit\u00ebn e par\u00eb t\u00eb shkoll\u00ebs Serxhion dhe Klesion, dy djemt\u00eb e major Klodian Tanushit, r\u00ebn\u00eb n\u00eb krye t\u00eb detyr\u00ebs pak muaj m\u00eb par\u00eb n\u00eb Letoni.<\/p>\n<div id=\"pa_1x1_psbk_1568640490270\"><\/div>\n<p>Trishtim q\u00eb majori nuk ishte me ne sot por edhe g\u00ebzim sepse i plot\u00ebsuam atij merakun m\u00eb t\u00eb madh q\u00eb ka \u00e7do prind: nj\u00eb arsimim t\u00eb mir\u00eb p\u00ebr f\u00ebmij\u00ebt e tij. Familja e madhe e Forcave t\u00eb Armatosura i gjendet pran\u00eb \u00e7do efektivi t\u00eb saj, jo vet\u00ebm me fjal\u00eb por edhe me vepra p\u00ebr at\u00eb \u00e7\u2019ka kan\u00eb m\u00eb t\u00eb shtrenjt\u00eb n\u00eb jet\u00eb.<br \/>\nVit t\u00eb mbar\u00eb shkollor p\u00ebr t\u00eb gjith\u00eb f\u00ebmijet e efektiv\u00ebve t\u00eb FA.\u201d -shkruan Xha\u00e7ka.<\/p>","protected":false},"excerpt":{"rendered":"<p>Ministrja e Mbrojtjes Olta Xhacka ka shoq\u00ebruar sot n\u00eb dit\u00ebn e par\u00eb t\u00eb shkoll\u00ebs dy djemt\u00eb e major Klodian Tanushit, r\u00ebn\u00eb n\u00eb krye t\u00eb detyr\u00ebs pak muaj m\u00eb par\u00eb n\u00eb camp Adazi t\u00eb Letonis\u00eb. n\u00eb nj\u00eb postim n\u00eb facebook, ku ndan me ndjek\u00ebsit emocionet e dit\u00ebs s\u00eb par\u00eb t\u00eb shkoll\u00ebs p\u00ebr f\u00ebmij\u00ebt, Xhacka shkruan se [&hellip;]<\/p>\n","protected":false},"author":2013,"featured_media":107141,"comment_status":"open","ping_status":"closed","sticky":false,"template":"","format":"standard","meta":{"footnotes":""},"categories":[241,235],"tags":[],"class_list":{"0":"post-107130","1":"post","2":"type-post","3":"status-publish","4":"format-standard","5":"has-post-thumbnail","7":"category-aktualitet","8":"category-vendi"},"_links":{"self":[{"href":"https:\/\/zjarr.tv\/en\/wp-json\/wp\/v2\/posts\/107130","targetHints":{"allow":["GET"]}}],"collection":[{"href":"https:\/\/zjarr.tv\/en\/wp-json\/wp\/v2\/posts"}],"about":[{"href":"https:\/\/zjarr.tv\/en\/wp-json\/wp\/v2\/types\/post"}],"author":[{"embeddable":true,"href":"https:\/\/zjarr.tv\/en\/wp-json\/wp\/v2\/users\/2013"}],"replies":[{"embeddable":true,"href":"https:\/\/zjarr.tv\/en\/wp-json\/wp\/v2\/comments?post=107130"}],"version-history":[{"count":0,"href":"https:\/\/zjarr.tv\/en\/wp-json\/wp\/v2\/posts\/107130\/revisions"}],"wp:featuredmedia":[{"embeddable":true,"href":"https:\/\/zjarr.tv\/en\/wp-json\/wp\/v2\/media\/107141"}],"wp:attachment":[{"href":"https:\/\/zjarr.tv\/en\/wp-json\/wp\/v2\/media?parent=107130"}],"wp:term":[{"taxonomy":"category","embeddable":true,"href":"https:\/\/zjarr.tv\/en\/wp-json\/wp\/v2\/categories?post=107130"},{"taxonomy":"post_tag","embeddable":true,"href":"https:\/\/zjarr.tv\/en\/wp-json\/wp\/v2\/tags?post=107130"}],"curies":[{"name":"wp","href":"https:\/\/api.w.org\/{rel}","templated":true}]}}