{"id":107135,"date":"2019-09-16T14:23:06","date_gmt":"2019-09-16T12:23:06","guid":{"rendered":"https:\/\/zjarr.tv\/?p=107135"},"modified":"2019-09-16T14:23:06","modified_gmt":"2019-09-16T12:23:06","slug":"po-transportonin-droge-me-makine-arrestohen-dy-persona","status":"publish","type":"post","link":"https:\/\/zjarr.tv\/en\/po-transportonin-droge-me-makine-arrestohen-dy-persona\/","title":{"rendered":"Po transportonin drog\u00eb me makin\u00eb, arrestohen dy persona"},"content":{"rendered":"<div class=\"readmore-text-here\">\n<p>Arrestohen dy persona me 1.2 kg kanabis dhe sasi e\u00a0konsiderueshme monetare\u00a0n\u00eb\u00a0valute.<\/p>\n<p>Gjat\u00eb kontrollit q\u00eb sh\u00ebrbimet e Policis\u00eb ushtruan n\u00eb fshatin Bregas, Maliq, ndaj automjetit tip \u201cAudi A3\u201d me drejtues shtetasin I.Dh. dhe pasagjer shtetasin F.A, gjet\u00ebn t\u00eb fshehur n\u00eb pjes\u00ebn e prapakolpit t\u00eb tij nj\u00eb sasi prej 1,2 kg l\u00ebnd\u00eb t\u00eb dyshuar narkotike kanabis, si edhe sasi monetare, t\u00eb cilat iu sekuestruan n\u00eb cil\u00ebsin\u00eb e prov\u00ebs materiale.<\/p>\n<p>Deklarata e plot\u00eb e policis\u00eb:<\/p>\n<div id=\"rekl-13\">\n<div id=\"__sap-ad-15\" class=\"__sap-ads __sap-html tracked\" data-title=\"Credins desktop 08\"><ins><\/p>\n<div id=\"beacon_09f2947b49\"><\/div>\n<p><\/ins><\/div>\n<\/div>\n<p>Sekuestrohen n\u00eb cil\u00ebsin\u00eb e prov\u00ebs materiale 1,2 kg l\u00ebnd\u00eb e dyshuar narkotike kanabis, si edhe sasi monetare n\u00eb lek\u00eb, euro, dollar\u00eb dhe paund britanik\u00eb.<\/p>\n<p>Arrestohen n\u00eb flagranc\u00eb dy shtetas.<\/p>\n<p>Specialist\u00ebt p\u00ebr Hetimin e Narkotik\u00ebve n\u00eb Drejtorin\u00eb Vendore t\u00eb Policis\u00eb Kor\u00e7\u00eb, mbi baz\u00ebn e informacioneve t\u00eb marra fal\u00eb bashk\u00ebpunimit me komunitetin, se nj\u00eb shtetas ishte duke transportuar nj\u00eb sasi t\u00eb dyshuar narkotike me mjetin e tij n\u00eb drejtim t\u00eb qytetit t\u00eb Kor\u00e7\u00ebs, organizuan sh\u00ebrbimet dhe fal\u00eb vler\u00ebsimit n\u00eb koh\u00eb, b\u00ebn\u00eb kapjen dhe arrestimin n\u00eb flagranc\u00eb t\u00eb shtetasve:<\/p>\n<p>\u2022 I.Dh, 36 vje\u00e7 dhe<\/p>\n<p>\u2022 F.A, 35 vje\u00e7, (i d\u00ebnuar m\u00eb par\u00eb p\u00ebr arm\u00ebmbajtje pa leje), t\u00eb dy banues n\u00eb Kor\u00e7\u00eb.<\/p>\n<p>Gjat\u00eb kontrollit q\u00eb sh\u00ebrbimet e Policis\u00eb ushtruan n\u00eb fshatin Bregas, Maliq, ndaj automjetit tip \u201cAudi A3\u201d me drejtues shtetasin I.Dh., dhe pasagjer shtetasin F.A, gjet\u00ebn t\u00eb fshehur n\u00eb pjes\u00ebn e prapakolpit t\u00eb tij nj\u00eb sasi prej 1,2 kg l\u00ebnd\u00eb t\u00eb dyshuar narkotike kanabis, si edhe sasi monetare, t\u00eb cilat iu sekuestruan n\u00eb cil\u00ebsin\u00eb e prov\u00ebs materiale.<\/p>\n<p>Materialet n\u00eb ngarkim t\u00eb tyre i kaluan Prokuroris\u00eb pran\u00eb Gjykat\u00ebs s\u00eb Shkall\u00ebs s\u00eb Par\u00eb Kor\u00e7\u00eb p\u00ebr vepr\u00ebn penale \u201cProdhimi dhe shitja e narkotik\u00ebve, kryer n\u00eb bashk\u00ebpunim\u201d.<\/p>\n<\/div>\n<div id=\"rekl-33\"><\/div>\n<p>&nbsp;<\/p>","protected":false},"excerpt":{"rendered":"<p>Arrestohen dy persona me 1.2 kg kanabis dhe sasi e\u00a0konsiderueshme monetare\u00a0n\u00eb\u00a0valute. Gjat\u00eb kontrollit q\u00eb sh\u00ebrbimet e Policis\u00eb ushtruan n\u00eb fshatin Bregas, Maliq, ndaj automjetit tip \u201cAudi A3\u201d me drejtues shtetasin I.Dh. dhe pasagjer shtetasin F.A, gjet\u00ebn t\u00eb fshehur n\u00eb pjes\u00ebn e prapakolpit t\u00eb tij nj\u00eb sasi prej 1,2 kg l\u00ebnd\u00eb t\u00eb dyshuar narkotike kanabis, si [&hellip;]<\/p>\n","protected":false},"author":2013,"featured_media":100067,"comment_status":"open","ping_status":"closed","sticky":false,"template":"","format":"standard","meta":{"footnotes":""},"categories":[241,235],"tags":[],"class_list":{"0":"post-107135","1":"post","2":"type-post","3":"status-publish","4":"format-standard","5":"has-post-thumbnail","7":"category-aktualitet","8":"category-vendi"},"_links":{"self":[{"href":"https:\/\/zjarr.tv\/en\/wp-json\/wp\/v2\/posts\/107135","targetHints":{"allow":["GET"]}}],"collection":[{"href":"https:\/\/zjarr.tv\/en\/wp-json\/wp\/v2\/posts"}],"about":[{"href":"https:\/\/zjarr.tv\/en\/wp-json\/wp\/v2\/types\/post"}],"author":[{"embeddable":true,"href":"https:\/\/zjarr.tv\/en\/wp-json\/wp\/v2\/users\/2013"}],"replies":[{"embeddable":true,"href":"https:\/\/zjarr.tv\/en\/wp-json\/wp\/v2\/comments?post=107135"}],"version-history":[{"count":0,"href":"https:\/\/zjarr.tv\/en\/wp-json\/wp\/v2\/posts\/107135\/revisions"}],"wp:featuredmedia":[{"embeddable":true,"href":"https:\/\/zjarr.tv\/en\/wp-json\/wp\/v2\/media\/100067"}],"wp:attachment":[{"href":"https:\/\/zjarr.tv\/en\/wp-json\/wp\/v2\/media?parent=107135"}],"wp:term":[{"taxonomy":"category","embeddable":true,"href":"https:\/\/zjarr.tv\/en\/wp-json\/wp\/v2\/categories?post=107135"},{"taxonomy":"post_tag","embeddable":true,"href":"https:\/\/zjarr.tv\/en\/wp-json\/wp\/v2\/tags?post=107135"}],"curies":[{"name":"wp","href":"https:\/\/api.w.org\/{rel}","templated":true}]}}