{"id":107198,"date":"2019-09-16T16:37:24","date_gmt":"2019-09-16T14:37:24","guid":{"rendered":"https:\/\/zjarr.tv\/?p=107198"},"modified":"2019-09-16T16:37:24","modified_gmt":"2019-09-16T14:37:24","slug":"shtyhen-fluturimet-ne-rinas-pasagjeret-presin-me-ore-te-gjata-ne-aeroport","status":"publish","type":"post","link":"https:\/\/zjarr.tv\/en\/shtyhen-fluturimet-ne-rinas-pasagjeret-presin-me-ore-te-gjata-ne-aeroport\/","title":{"rendered":"Shtyhen fluturimet n\u00eb Rinas, pasagjer\u00ebt presin me or\u00eb t\u00eb gjata n\u00eb aeroport"},"content":{"rendered":"<p>Pasagjer\u00ebt shqiptar\u00eb q\u00eb zgjedhin Aeroportin e Rinasit p\u00ebr t\u00eb l\u00ebvizur jasht\u00eb Shqip\u00ebris\u00eb, vazhdojn\u00eb t\u00eb vuajn\u00eb vonesat e gjata t\u00eb avion\u00ebve.<\/p>\n<p>K\u00ebshtu ka ndodhur edhe sot kur ata jan\u00eb detyruar t\u00eb presin p\u00ebr m\u00eb shum\u00eb se 6 or\u00eb n\u00eb Aerportin N\u00ebn\u00eb Tereza.<\/p>\n<p>Denoncimi \u00ebsht\u00eb b\u00ebr\u00eb publik nga nj\u00eb prej pasagjer\u00ebve, nd\u00ebrkoh\u00eb q\u00eb \u00ebsht\u00eb publikuar edhe nga ish-kryeministri Berisha.<\/p>\n<div id=\"rekl-13\">\n<div id=\"__sap-ad-15\" class=\"__sap-ads __sap-html tracked\" data-title=\"Credins desktop 08\"><ins><\/p>\n<div id=\"beacon_c2f26d9b61\"><img loading=\"lazy\" decoding=\"async\" src=\"https:\/\/ads1.medium.al\/www\/delivery\/lg.php?bannerid=373&amp;campaignid=48&amp;zoneid=182&amp;loc=https%3A%2F%2Fwww.syri.net%2Fpolitike%2F280885%2Fvideo-shtyhen-fluturimet-ne-rinas-pasagjeret-presin-me-ore-te-gjata-ne-aeroport%2F&amp;referer=https%3A%2F%2Fwww.syri.net%2Flajme%2F&amp;cb=c2f26d9b61\" alt=\"\" width=\"0\" height=\"0\" \/><\/div>\n<p><\/ins><\/div>\n<\/div>\n<div id=\"rekl-4\"><\/div>\n<p>\u2018Ne Rinas shtyhen te gjitha fluturimet, pasagjeret ne pritje te mundimshme shume oreshe!<\/p>\n<p>Lexoni denocimin e pasagjerit dixhital. sb<\/p>\n<p>Ne aeroportin e rinasit te gjitha fluturimet jane shtyr! Pasagjeret e kan pas fluturimin ne oren 10:00 dhe e kan shtyr per ne oren 15:30.\u2019<\/p>","protected":false},"excerpt":{"rendered":"<p>Pasagjer\u00ebt shqiptar\u00eb q\u00eb zgjedhin Aeroportin e Rinasit p\u00ebr t\u00eb l\u00ebvizur jasht\u00eb Shqip\u00ebris\u00eb, vazhdojn\u00eb t\u00eb vuajn\u00eb vonesat e gjata t\u00eb avion\u00ebve. K\u00ebshtu ka ndodhur edhe sot kur ata jan\u00eb detyruar t\u00eb presin p\u00ebr m\u00eb shum\u00eb se 6 or\u00eb n\u00eb Aerportin N\u00ebn\u00eb Tereza. Denoncimi \u00ebsht\u00eb b\u00ebr\u00eb publik nga nj\u00eb prej pasagjer\u00ebve, nd\u00ebrkoh\u00eb q\u00eb \u00ebsht\u00eb publikuar edhe nga [&hellip;]<\/p>\n","protected":false},"author":2013,"featured_media":0,"comment_status":"open","ping_status":"closed","sticky":false,"template":"","format":"standard","meta":{"footnotes":""},"categories":[241,235],"tags":[],"class_list":{"0":"post-107198","1":"post","2":"type-post","3":"status-publish","4":"format-standard","6":"category-aktualitet","7":"category-vendi"},"_links":{"self":[{"href":"https:\/\/zjarr.tv\/en\/wp-json\/wp\/v2\/posts\/107198","targetHints":{"allow":["GET"]}}],"collection":[{"href":"https:\/\/zjarr.tv\/en\/wp-json\/wp\/v2\/posts"}],"about":[{"href":"https:\/\/zjarr.tv\/en\/wp-json\/wp\/v2\/types\/post"}],"author":[{"embeddable":true,"href":"https:\/\/zjarr.tv\/en\/wp-json\/wp\/v2\/users\/2013"}],"replies":[{"embeddable":true,"href":"https:\/\/zjarr.tv\/en\/wp-json\/wp\/v2\/comments?post=107198"}],"version-history":[{"count":0,"href":"https:\/\/zjarr.tv\/en\/wp-json\/wp\/v2\/posts\/107198\/revisions"}],"wp:attachment":[{"href":"https:\/\/zjarr.tv\/en\/wp-json\/wp\/v2\/media?parent=107198"}],"wp:term":[{"taxonomy":"category","embeddable":true,"href":"https:\/\/zjarr.tv\/en\/wp-json\/wp\/v2\/categories?post=107198"},{"taxonomy":"post_tag","embeddable":true,"href":"https:\/\/zjarr.tv\/en\/wp-json\/wp\/v2\/tags?post=107198"}],"curies":[{"name":"wp","href":"https:\/\/api.w.org\/{rel}","templated":true}]}}