{"id":107263,"date":"2019-09-16T17:15:48","date_gmt":"2019-09-16T15:15:48","guid":{"rendered":"https:\/\/zjarr.tv\/?p=107263"},"modified":"2019-09-16T17:15:48","modified_gmt":"2019-09-16T15:15:48","slug":"drejt-perfundimit-rehabilitimi-i-argjinatures-se-bunes-shpetojne-nga-permbytja-1200-ha-toke","status":"publish","type":"post","link":"https:\/\/zjarr.tv\/en\/drejt-perfundimit-rehabilitimi-i-argjinatures-se-bunes-shpetojne-nga-permbytja-1200-ha-toke\/","title":{"rendered":"Drejt p\u00ebrfundimit rehabilitimi i argjinatur\u00ebs s\u00eb Bun\u00ebs, shp\u00ebtojn\u00eb nga p\u00ebrmbytja 1200 ha tok\u00eb"},"content":{"rendered":"<p>Pas nj\u00eb dekade problematike me p\u00ebrmbytjet, argjinatura e lumit Buna po rehabilitohet.<\/p>\n<p>Ministri Bledi \u00c7u\u00e7i k\u00ebrkoi q\u00eb punimet t\u00eb p\u00ebrfundojn\u00eb p\u00ebrpara nisjes s\u00eb sezonit me reshje intensive.<\/p>\n<p>Nd\u00ebrhyrja n\u00eb argjinatur\u00ebn e lumit Buna shmang p\u00ebrmbytjen 1200 hektar\u00eb tok\u00eb n\u00eb zon\u00ebn e Shkodr\u00ebs, nd\u00ebrsa investimi kap vler\u00ebn e 128 milion\u00eb lek\u00ebve.<\/p>\n<p><em><strong>\u00c7u\u00e7i:\u00a0<\/strong>Kjo \u00ebsht\u00eb nj\u00eb argjinatur\u00eb e cila po p\u00ebrforcohet e gjitha me shtres\u00eb betoni. Ka qen\u00eb nga pikat m\u00eb t\u00eb dob\u00ebta q\u00eb p\u00ebrmbytej vazhdimisht. P\u00ebrmbytja m\u00eb e madhe ka qen\u00eb ajo n\u00eb vitin 2011 kur u bashkua Drini me Bun\u00ebn. Kjo argjinatur\u00eb tani do t\u00eb mbaj\u00eb rreth 1200 hektar\u00eb tok\u00eb t\u00eb shfryt\u00ebzuara shum\u00eb nga fermer\u00ebt e zon\u00ebs. Kjo \u00ebsht\u00eb nj\u00eb nga nd\u00ebrhyrjet m\u00eb serioze q\u00eb po i b\u00ebjm\u00eb argjinatur\u00ebs s\u00eb Bun\u00ebs. Me k\u00ebt\u00eb nd\u00ebrhyrje kemi nj\u00eb garanci shum\u00eb t\u00eb madhe q\u00eb nga Buna nuk do t\u00eb kemi m\u00eb shqet\u00ebsime p\u00ebrsa i p\u00ebrket p\u00ebrmbytjeve.<\/em><\/p>\n<p>Rritja e nivelit t\u00eb \u00a0Bun\u00ebs paraqet rrezikshm\u00ebri t\u00eb lart\u00eb p\u00ebr tokat p\u00ebrreth.<\/p>\n<p>Investimi parashikon rritjen e q\u00ebndrueshm\u00ebris\u00eb s\u00eb argjinatur\u00ebs, duke e veshur me beton skarpat\u00ebn e brendshme, p\u00ebrmes s\u00eb nj\u00ebjt\u00ebs teknologji si\u00e7 jan\u00eb rikonstruktuar argjinaturat e tjera t\u00eb lumit Buna.<\/p>\n<p>N\u00eb k\u00ebt\u00eb argjinatur\u00eb nuk ishte b\u00ebr\u00eb asnj\u00eb nd\u00ebrhyrje serioze q\u00eb prej viteve \u201970.<\/p>","protected":false},"excerpt":{"rendered":"<p>Pas nj\u00eb dekade problematike me p\u00ebrmbytjet, argjinatura e lumit Buna po rehabilitohet. Ministri Bledi \u00c7u\u00e7i k\u00ebrkoi q\u00eb punimet t\u00eb p\u00ebrfundojn\u00eb p\u00ebrpara nisjes s\u00eb sezonit me reshje intensive. Nd\u00ebrhyrja n\u00eb argjinatur\u00ebn e lumit Buna shmang p\u00ebrmbytjen 1200 hektar\u00eb tok\u00eb n\u00eb zon\u00ebn e Shkodr\u00ebs, nd\u00ebrsa investimi kap vler\u00ebn e 128 milion\u00eb lek\u00ebve. \u00c7u\u00e7i:\u00a0Kjo \u00ebsht\u00eb nj\u00eb argjinatur\u00eb e [&hellip;]<\/p>\n","protected":false},"author":2013,"featured_media":107265,"comment_status":"open","ping_status":"closed","sticky":false,"template":"","format":"standard","meta":{"footnotes":""},"categories":[241,235],"tags":[],"class_list":{"0":"post-107263","1":"post","2":"type-post","3":"status-publish","4":"format-standard","5":"has-post-thumbnail","7":"category-aktualitet","8":"category-vendi"},"_links":{"self":[{"href":"https:\/\/zjarr.tv\/en\/wp-json\/wp\/v2\/posts\/107263","targetHints":{"allow":["GET"]}}],"collection":[{"href":"https:\/\/zjarr.tv\/en\/wp-json\/wp\/v2\/posts"}],"about":[{"href":"https:\/\/zjarr.tv\/en\/wp-json\/wp\/v2\/types\/post"}],"author":[{"embeddable":true,"href":"https:\/\/zjarr.tv\/en\/wp-json\/wp\/v2\/users\/2013"}],"replies":[{"embeddable":true,"href":"https:\/\/zjarr.tv\/en\/wp-json\/wp\/v2\/comments?post=107263"}],"version-history":[{"count":0,"href":"https:\/\/zjarr.tv\/en\/wp-json\/wp\/v2\/posts\/107263\/revisions"}],"wp:featuredmedia":[{"embeddable":true,"href":"https:\/\/zjarr.tv\/en\/wp-json\/wp\/v2\/media\/107265"}],"wp:attachment":[{"href":"https:\/\/zjarr.tv\/en\/wp-json\/wp\/v2\/media?parent=107263"}],"wp:term":[{"taxonomy":"category","embeddable":true,"href":"https:\/\/zjarr.tv\/en\/wp-json\/wp\/v2\/categories?post=107263"},{"taxonomy":"post_tag","embeddable":true,"href":"https:\/\/zjarr.tv\/en\/wp-json\/wp\/v2\/tags?post=107263"}],"curies":[{"name":"wp","href":"https:\/\/api.w.org\/{rel}","templated":true}]}}