{"id":107325,"date":"2019-09-17T13:00:47","date_gmt":"2019-09-17T11:00:47","guid":{"rendered":"https:\/\/zjarr.tv\/?p=107325"},"modified":"2019-09-17T13:00:47","modified_gmt":"2019-09-17T11:00:47","slug":"neser-mblidhet-komisioni-hetimor-per-presidentin-do-diskutohet-edhe-shtyrja-e-afatit","status":"publish","type":"post","link":"https:\/\/zjarr.tv\/en\/neser-mblidhet-komisioni-hetimor-per-presidentin-do-diskutohet-edhe-shtyrja-e-afatit\/","title":{"rendered":"Nes\u00ebr mblidhet Komisioni Hetimor p\u00ebr Presidentin, do diskutohet edhe shtyrja e afatit"},"content":{"rendered":"<p>Nes\u00ebr paradite pritet t\u00eb mblidhet Komision Hetimor p\u00ebr shkarkimin e Presidentit Ilir Meta.<\/p>\n<p>M\u00ebsohet se n\u00eb mbledhjen e nes\u00ebrme do t\u00eb diskutohet edhe p\u00ebr shtyrjen e afatit t\u00eb pun\u00ebs s\u00eb Komisionit Hetimor.<\/p>\n<p>Grupi i deputet\u00ebve demokratik\u00eb kan\u00eb k\u00ebrkuar shtyrjen e pun\u00ebs s\u00eb k\u00ebtij komisioni me q\u00ebllim pritjen e opinionit t\u00eb Komisionit t\u00eb Venecias p\u00ebr ligjshm\u00ebrin\u00eb e dekretit t\u00eb Presidentit Meta p\u00ebr anulimin e zgjedhjeve lokale t\u00eb 30 qershorit.<\/p>","protected":false},"excerpt":{"rendered":"<p>Nes\u00ebr paradite pritet t\u00eb mblidhet Komision Hetimor p\u00ebr shkarkimin e Presidentit Ilir Meta. M\u00ebsohet se n\u00eb mbledhjen e nes\u00ebrme do t\u00eb diskutohet edhe p\u00ebr shtyrjen e afatit t\u00eb pun\u00ebs s\u00eb Komisionit Hetimor. Grupi i deputet\u00ebve demokratik\u00eb kan\u00eb k\u00ebrkuar shtyrjen e pun\u00ebs s\u00eb k\u00ebtij komisioni me q\u00ebllim pritjen e opinionit t\u00eb Komisionit t\u00eb Venecias p\u00ebr ligjshm\u00ebrin\u00eb [&hellip;]<\/p>\n","protected":false},"author":2013,"featured_media":107327,"comment_status":"open","ping_status":"closed","sticky":false,"template":"","format":"standard","meta":{"footnotes":""},"categories":[241,235],"tags":[],"class_list":{"0":"post-107325","1":"post","2":"type-post","3":"status-publish","4":"format-standard","5":"has-post-thumbnail","7":"category-aktualitet","8":"category-vendi"},"_links":{"self":[{"href":"https:\/\/zjarr.tv\/en\/wp-json\/wp\/v2\/posts\/107325","targetHints":{"allow":["GET"]}}],"collection":[{"href":"https:\/\/zjarr.tv\/en\/wp-json\/wp\/v2\/posts"}],"about":[{"href":"https:\/\/zjarr.tv\/en\/wp-json\/wp\/v2\/types\/post"}],"author":[{"embeddable":true,"href":"https:\/\/zjarr.tv\/en\/wp-json\/wp\/v2\/users\/2013"}],"replies":[{"embeddable":true,"href":"https:\/\/zjarr.tv\/en\/wp-json\/wp\/v2\/comments?post=107325"}],"version-history":[{"count":0,"href":"https:\/\/zjarr.tv\/en\/wp-json\/wp\/v2\/posts\/107325\/revisions"}],"wp:featuredmedia":[{"embeddable":true,"href":"https:\/\/zjarr.tv\/en\/wp-json\/wp\/v2\/media\/107327"}],"wp:attachment":[{"href":"https:\/\/zjarr.tv\/en\/wp-json\/wp\/v2\/media?parent=107325"}],"wp:term":[{"taxonomy":"category","embeddable":true,"href":"https:\/\/zjarr.tv\/en\/wp-json\/wp\/v2\/categories?post=107325"},{"taxonomy":"post_tag","embeddable":true,"href":"https:\/\/zjarr.tv\/en\/wp-json\/wp\/v2\/tags?post=107325"}],"curies":[{"name":"wp","href":"https:\/\/api.w.org\/{rel}","templated":true}]}}