{"id":107331,"date":"2019-09-17T13:11:08","date_gmt":"2019-09-17T11:11:08","guid":{"rendered":"https:\/\/zjarr.tv\/?p=107331"},"modified":"2019-09-17T13:11:08","modified_gmt":"2019-09-17T11:11:08","slug":"tentuan-te-trafikonin-droge-ne-mal-te-zi-pranga-dy-te-rinjve","status":"publish","type":"post","link":"https:\/\/zjarr.tv\/en\/tentuan-te-trafikonin-droge-ne-mal-te-zi-pranga-dy-te-rinjve\/","title":{"rendered":"Tentuan t\u00eb trafikonin drog\u00eb n\u00eb Mal t\u00eb Zi, pranga dy t\u00eb rinjve"},"content":{"rendered":"<p>M\u00eb shum\u00eb se nj\u00eb vit e gjysm\u00eb pasi tentun t\u00eb trafikonin drog\u00eb, policia ka arrestur dy t\u00eb rinj t\u00eb cil\u00ebt ishin shpallur n\u00eb k\u00ebrkim.<\/p>\n<p>N\u00eb kuad\u00ebr t\u00eb operacionit \u201cGRE\u00c7A\u201c u arrestuan shtetasit Rr. P., 23 vje\u00e7 dhe M. P., 21 vje\u00e7, t\u00eb dy banues n\u00eb fshatin Selc\u00eb, Mal\u00ebsi e Madhe.<\/p>\n<p>P\u00ebr k\u00ebta dy shtetas Gjykata e Shkall\u00ebs s\u00eb Par\u00eb p\u00ebr Krime t\u00eb R\u00ebnda Tiran\u00eb ka vendosur mas\u00ebn e siguris\u00eb &#8220;Arrest n\u00eb burg&#8221;.<\/p>\n<p>&#8220;M\u00eb dat\u00eb 10.03.2018, dy shtetas n\u00ebp\u00ebrmjet kufirit t\u00eb gjelb\u00ebr, nga Shqip\u00ebria n\u00eb drejtim t\u00eb Malit t\u00eb Zi, n\u00eb vendin e quajtur Shkalla e Selc\u00ebs, kan\u00eb tentuar t\u00eb trafikojn\u00eb l\u00ebnd\u00eb narkotike (cannabis sativa), arm\u00eb dhe municione, por pasi jan\u00eb hasur nga sh\u00ebrbimet policore, duke shfryt\u00ebzuar err\u00ebsir\u00ebn dhe terrenin malor jan\u00eb larguar duke i braktisur ato&#8221;, thuhet n\u00eb njoftimin e policis\u00eb.<\/p>\n<p>Nga Seksioni i Narkotik\u00ebve n\u00eb bashk\u00ebpunim me Prokurorin\u00eb e Krimeve t\u00eb R\u00ebnda Tiran\u00eb n\u00eb baz\u00eb t\u00eb informacioneve policore mbi personat e dyshuar, p\u00ebr nj\u00eb periudh\u00eb 18-mujore ka vazhduar hetimi p\u00ebr mbledhjen dhe sigurimin e provave ligjore p\u00ebr autor\u00ebsin\u00eb e k\u00ebtij rasti dhe nga t\u00ebr\u00ebsia e veprimeve policore dhe hetimore u arrit q\u00eb t\u00eb dokumentohet ky rast trafikimi.<\/p>\n<p>Gjat\u00eb k\u00ebtij operacioni \u00ebsht\u00eb sekuestruar 74 kg l\u00ebnd\u00eb narkotike cannabis sativa, 1 arm\u00eb zjarri dhe fishek\u00eb luftarak\u00eb.<\/p>\n<p>Materialet u referuan n\u00eb Prokurorin\u00eb p\u00ebr Krime t\u00eb R\u00ebnda p\u00ebr veprat penale &#8220;Trafikimi i narkotik\u00ebve, kryer n\u00eb bashk\u00ebpunim, mbetur n\u00eb tentativ\u00eb\u201d dhe &#8220;Mbajtja pa leje e arm\u00ebve dhe municioneve luftarake&#8221;.<\/p>","protected":false},"excerpt":{"rendered":"<p>M\u00eb shum\u00eb se nj\u00eb vit e gjysm\u00eb pasi tentun t\u00eb trafikonin drog\u00eb, policia ka arrestur dy t\u00eb rinj t\u00eb cil\u00ebt ishin shpallur n\u00eb k\u00ebrkim. N\u00eb kuad\u00ebr t\u00eb operacionit \u201cGRE\u00c7A\u201c u arrestuan shtetasit Rr. P., 23 vje\u00e7 dhe M. P., 21 vje\u00e7, t\u00eb dy banues n\u00eb fshatin Selc\u00eb, Mal\u00ebsi e Madhe. P\u00ebr k\u00ebta dy shtetas Gjykata [&hellip;]<\/p>\n","protected":false},"author":2013,"featured_media":107339,"comment_status":"open","ping_status":"closed","sticky":false,"template":"","format":"standard","meta":{"footnotes":""},"categories":[241,235],"tags":[],"class_list":{"0":"post-107331","1":"post","2":"type-post","3":"status-publish","4":"format-standard","5":"has-post-thumbnail","7":"category-aktualitet","8":"category-vendi"},"_links":{"self":[{"href":"https:\/\/zjarr.tv\/en\/wp-json\/wp\/v2\/posts\/107331","targetHints":{"allow":["GET"]}}],"collection":[{"href":"https:\/\/zjarr.tv\/en\/wp-json\/wp\/v2\/posts"}],"about":[{"href":"https:\/\/zjarr.tv\/en\/wp-json\/wp\/v2\/types\/post"}],"author":[{"embeddable":true,"href":"https:\/\/zjarr.tv\/en\/wp-json\/wp\/v2\/users\/2013"}],"replies":[{"embeddable":true,"href":"https:\/\/zjarr.tv\/en\/wp-json\/wp\/v2\/comments?post=107331"}],"version-history":[{"count":0,"href":"https:\/\/zjarr.tv\/en\/wp-json\/wp\/v2\/posts\/107331\/revisions"}],"wp:featuredmedia":[{"embeddable":true,"href":"https:\/\/zjarr.tv\/en\/wp-json\/wp\/v2\/media\/107339"}],"wp:attachment":[{"href":"https:\/\/zjarr.tv\/en\/wp-json\/wp\/v2\/media?parent=107331"}],"wp:term":[{"taxonomy":"category","embeddable":true,"href":"https:\/\/zjarr.tv\/en\/wp-json\/wp\/v2\/categories?post=107331"},{"taxonomy":"post_tag","embeddable":true,"href":"https:\/\/zjarr.tv\/en\/wp-json\/wp\/v2\/tags?post=107331"}],"curies":[{"name":"wp","href":"https:\/\/api.w.org\/{rel}","templated":true}]}}