{"id":107333,"date":"2019-09-17T13:06:21","date_gmt":"2019-09-17T11:06:21","guid":{"rendered":"https:\/\/zjarr.tv\/?p=107333"},"modified":"2019-09-17T13:06:21","modified_gmt":"2019-09-17T11:06:21","slug":"te-gjithe-merren-me-politike-manjani-loja-e-politikaneve-ne-kurriz-te-spektatoreve","status":"publish","type":"post","link":"https:\/\/zjarr.tv\/en\/te-gjithe-merren-me-politike-manjani-loja-e-politikaneve-ne-kurriz-te-spektatoreve\/","title":{"rendered":"\u2018T\u00eb gjith\u00eb merren me politik\u00eb\u2019, Manjani: \u2018Loja\u2019 e politikan\u00ebve n\u00eb kurriz t\u00eb spektator\u00ebve"},"content":{"rendered":"<p>Ish-ministri i Drejt\u00ebsis\u00eb, Ylli Manjani p\u00ebrmes nj\u00eb postimi n\u00eb \u2018Facebook\u2019 nuk ka kursyer ironit\u00eb n\u00eb drejtim t\u00eb politik\u00ebs shqiptare.<\/p>\n<p>N\u00eb mesazhin e tij Manjani thekson se shqiptar\u00ebt merren t\u00eb gjith\u00eb me politik\u00eb, madje edhe ata q\u00eb nuk jan\u00eb pjes\u00eb e partive, nd\u00ebrsa shton se; \u201c\u201dloja\u201d e politikan\u00ebve \u00ebsht\u00eb n\u00eb em\u00ebr dhe n\u00eb kurriz t\u00eb spektator\u00ebve dhe militant\u00ebve s\u00eb bashku\u201d.<\/p>\n<p><strong>MESAZHI I MANJANIT<\/strong><br \/>\nShqiptar\u00ebt merren t\u00eb gjith\u00eb me politik\u00eb. Edhe ata pa parti, me politik\u00eb merren.<br \/>\nPor nuk kan\u00eb asnj\u00eb mjet politik n\u00eb dor\u00eb p\u00ebr t\u00eb marr\u00eb vendime.<br \/>\nKjo gjendje i ndan ata spektator\u00eb dhe n\u00eb militant\u00eb. K\u00ebta t\u00eb fundit jan\u00eb dekori p\u00ebr t\u00eb mbushur sken\u00ebn, ku luajn\u00eb politikan\u00ebt q\u00eb ta shohin spektator\u00ebt.\ud83d\ude14\ud83d\ude14\ud83d\ude14<br \/>\nNd\u00ebrkoh\u00eb kjo \u201cloja\u201d e politikan\u00ebve \u00ebsht\u00eb n\u00eb em\u00ebr dhe n\u00eb kurriz t\u00eb spektator\u00ebve dhe militant\u00ebve s\u00eb bashku.<br \/>\nSpektator\u00ebt, t\u00eb velur me aktrimin e t\u00eb nj\u00ebjt\u00ebve aktor\u00eb, presin t\u00eb zbarkojn\u00eb n\u00eb sken\u00eb \u201caleat\u00ebt\u201d. Kan\u00eb q\u00eb n\u00eb vitin 1944 q\u00eb presin\u2026.<\/p>\n<div id=\"pa_1x1_psbk_1568718353426\"><\/div>\n<p>Por, hi\u00e7!<br \/>\nVet\u00ebm ekspert\u00eb t\u00eb lodhur e d\u00ebshtak\u00eb, q\u00eb shpikin e sajojn\u00eb reforma, q\u00eb n\u00eb vendet e tyre nga vijn\u00eb, nuk do guxonin as ti mendonin.<br \/>\nNd\u00ebrkoh\u00eb spektatori duartroket. Duartrokitjet shtohen shum\u00eb kur aktor\u00ebt zg\u00ebrdhihen n\u00eb ndonj\u00eb foto me ndonj\u00eb udh\u00ebheq\u00ebs t\u00eb huaj.<br \/>\nFoto \u00ebsht\u00eb paguar me lek\u00ebt e spektator\u00ebve, por pun\u00eb e madhe! P\u00ebr duartokitje paguhet gjithandej\u2026<br \/>\nNj\u00eb pjes\u00eb ikin fare nga shfaqja. Ikin n\u00eb emigracion. Por disa prej tyre q\u00eb ikin, k\u00ebtu e kan\u00eb mendjen tek shfaqja. \u00c7far\u00eb tha aktori kryeaktorit\u2026. Po aleat\u00ebt?!<br \/>\nPa shpres\u00eb duket, me th\u00ebn\u00eb t\u00eb drejt\u00ebn \u2026\ud83d\ude14<\/p>","protected":false},"excerpt":{"rendered":"<p>Ish-ministri i Drejt\u00ebsis\u00eb, Ylli Manjani p\u00ebrmes nj\u00eb postimi n\u00eb \u2018Facebook\u2019 nuk ka kursyer ironit\u00eb n\u00eb drejtim t\u00eb politik\u00ebs shqiptare. N\u00eb mesazhin e tij Manjani thekson se shqiptar\u00ebt merren t\u00eb gjith\u00eb me politik\u00eb, madje edhe ata q\u00eb nuk jan\u00eb pjes\u00eb e partive, nd\u00ebrsa shton se; \u201c\u201dloja\u201d e politikan\u00ebve \u00ebsht\u00eb n\u00eb em\u00ebr dhe n\u00eb kurriz t\u00eb spektator\u00ebve [&hellip;]<\/p>\n","protected":false},"author":2013,"featured_media":0,"comment_status":"open","ping_status":"closed","sticky":false,"template":"","format":"standard","meta":{"footnotes":""},"categories":[241,235],"tags":[],"class_list":{"0":"post-107333","1":"post","2":"type-post","3":"status-publish","4":"format-standard","6":"category-aktualitet","7":"category-vendi"},"_links":{"self":[{"href":"https:\/\/zjarr.tv\/en\/wp-json\/wp\/v2\/posts\/107333","targetHints":{"allow":["GET"]}}],"collection":[{"href":"https:\/\/zjarr.tv\/en\/wp-json\/wp\/v2\/posts"}],"about":[{"href":"https:\/\/zjarr.tv\/en\/wp-json\/wp\/v2\/types\/post"}],"author":[{"embeddable":true,"href":"https:\/\/zjarr.tv\/en\/wp-json\/wp\/v2\/users\/2013"}],"replies":[{"embeddable":true,"href":"https:\/\/zjarr.tv\/en\/wp-json\/wp\/v2\/comments?post=107333"}],"version-history":[{"count":0,"href":"https:\/\/zjarr.tv\/en\/wp-json\/wp\/v2\/posts\/107333\/revisions"}],"wp:attachment":[{"href":"https:\/\/zjarr.tv\/en\/wp-json\/wp\/v2\/media?parent=107333"}],"wp:term":[{"taxonomy":"category","embeddable":true,"href":"https:\/\/zjarr.tv\/en\/wp-json\/wp\/v2\/categories?post=107333"},{"taxonomy":"post_tag","embeddable":true,"href":"https:\/\/zjarr.tv\/en\/wp-json\/wp\/v2\/tags?post=107333"}],"curies":[{"name":"wp","href":"https:\/\/api.w.org\/{rel}","templated":true}]}}