{"id":107349,"date":"2019-09-17T13:46:37","date_gmt":"2019-09-17T11:46:37","guid":{"rendered":"https:\/\/zjarr.tv\/?p=107349"},"modified":"2019-09-17T13:46:37","modified_gmt":"2019-09-17T11:46:37","slug":"deklarata-e-kryeministrit-grek-per-negociatat-cakaj-situata-e-minoritetit-shume-e-qarte","status":"publish","type":"post","link":"https:\/\/zjarr.tv\/en\/deklarata-e-kryeministrit-grek-per-negociatat-cakaj-situata-e-minoritetit-shume-e-qarte\/","title":{"rendered":"Deklarata e kryeministrit grek p\u00ebr negociatat, Cakaj: Situata e minoritetit shum\u00eb e qart\u00eb"},"content":{"rendered":"<p>Ministri p\u00ebr Europ\u00ebn dhe Pun\u00ebt e Jashtme Gent Cakaj \u00ebsht\u00eb thirrur sot n\u00eb nj\u00eb seanc\u00eb d\u00ebgjimore n\u00eb Komisionin Parlamentar t\u00eb Integrimit. Gjat\u00eb fjal\u00ebs s\u00eb tij Cakaj tha se q\u00eb prej shtatorit t\u00eb vitit t\u00eb kaluar ka nisur procesi \u2018Sceering\u2019.<\/p>\n<div id=\"sovrn\" class=\"desktop_ad ad_bottom_space\"><ins><\/p>\n<div id=\"beacon_573c61103a\"><\/div>\n<p><\/ins><\/div>\n<p>\u201cK\u00ebshilli Europian ka k\u00ebrkuar vazhdimin e vetingut, ngritjen e SPAK e BKH dhe rritjen e luft\u00ebs kund\u00ebr krimit e korrupsionit. Komisioni europian ka vler\u00ebsuar se t\u00eb gjitha kushtet teknike jan\u00eb plot\u00ebsuar nga Shqip\u00ebria dhe meriton hapjen e negociatave. N\u00eb k\u00ebto tre kushte, Komisioni Europian vler\u00ebson faktin se 88 gjyqtar\u00eb e prokuror\u00eb jan\u00eb larguar nga puna p\u00ebr shkak t\u00eb vettingut. KE vler\u00ebson zhvillimet p\u00ebr ngritjen e institucioneve t\u00eb drejt\u00ebsis\u00eb si KED, KPL e KLGJ. Kemi qen\u00eb aktiv n\u00eb nj\u00eb fushat\u00eb diplomatike, pasi vitin e kaluar kemi marr\u00eb nj\u00eb m\u00ebsim, pasi ekziston nga mosp\u00ebrputhje mes vler\u00ebsimit t\u00eb komisionit dhe opinionit politik te K\u00ebshillit Europian. K\u00ebshtu kemi pasur takime t\u00eb shumta p\u00ebr t\u00eb hedhur me tep\u00ebr drit\u00ebn p\u00ebr shkall\u00ebn e progresit q\u00eb ka sh\u00ebnuar Shqip\u00ebria, me qellim hapjen e negociatave me tetor t\u00eb k\u00ebtij viti\u201d, tha Cakaj.<\/p>\n<p>Nd\u00ebrkoh\u00eb, kryetarja e Komisionit t\u00eb Integrimit, Rudina Hajdari tha se Cakajt i ishte k\u00ebrkuar disa her\u00eb q\u00eb t\u00eb ishte i pranish\u00ebm n\u00eb komision.<\/p>\n<p>\u201cNga momenti i publikimit te raportit t\u00eb Komisionit Europian, Komision Integrimit ka d\u00ebrguar disa k\u00ebrkesa p\u00ebr t\u00eb ardhur ne komision. Kemi pasur vende skeptike si Gjermania, Danimarka, Franca, Holanda e tani se fundmi edhe Greqia\u201d, pohoi Hajdari.<\/p>\n<p>Ministri Cakaj tha se mes qeveris\u00eb dhe Kuvendit ka pasur bashk\u00ebpunim p\u00ebr \u00e7\u00ebshtjet e integrimit. \u201cNuk ka pasur mungese bashk\u00ebpunimi mes qeverise dhe Kuvendit apo munges\u00eb respekti mbi raportin e planit t\u00eb masave. M\u00eb par\u00eb raportet jan\u00eb publikuar n\u00eb vjesht\u00eb dhe ka pasur koh\u00eb p\u00ebr planifikimin. Tani kur raporti nga Komisioni Europian u publikua n\u00eb maj, ka qen\u00eb tep\u00ebr sfidues q\u00eb plani t\u00eb zb\u00ebrthehet n\u00eb pikat e ve\u00e7anta. Vonesat n\u00eb dor\u00ebzim t\u00eb raportit nuk manifestohet n\u00eb vonesa t\u00eb zbatimit t\u00eb \u00e7far\u00eb k\u00ebrkon raporti. Sot kemi dor\u00ebzuar raportin me planin e masave p\u00ebr procesin e integrimit n\u00eb qeveri. Vendet skeptike si\u00e7 i quani ju, secila ka pasur pretendime p\u00ebr fusha te caktuara. Shqip\u00ebria ka shume probleme, thelbi \u00ebsht\u00eb n\u00ebse jan\u00eb akumuluar reforma q\u00eb t\u00eb hapen negociatat dhe Shqip\u00ebria ka bere reforma me shume se vendet e tjera ne rajon. Sa i takon reform\u00ebs zgjedhore, ka qene element shume me rend\u00ebsi p\u00ebr procesin e hapjes se negociatave, por jo kusht formal p\u00ebr hapjen e negociatave\u201d, tha Cakaj.<\/p>\n<p>Teksa u pyet n\u00eb lidhje me deklaratat e kryeministrit grek Micotaqis se nuk e mb\u00ebshtet \u00e7eljen e negociatave t\u00eb Shqip\u00ebris\u00eb me BE, derisa t\u00eb ket\u00eb ndryshime n\u00eb trajtimin e minoritetit etnik, ministri Cakaj tha se nuk mund t\u00eb komentoi mbi llogarit\u00eb e \u00e7far\u00ebdo lideri. Ai tha se situata e minoriteti grek n\u00eb vendin ton\u00eb \u00ebsht\u00eb publike dhe shum\u00eb e qart\u00eb.<\/p>\n<p>\u201cMe qeverin\u00eb e m\u00ebparshme greke kemi pasur proces aktiv komunikimi e nuk ka pasur barriera p\u00ebr integrimit. Dhe me qeverin\u00eb aktuale jemi n\u00eb kontakte, por Shqip\u00ebria \u00ebsht\u00eb ne pozicionin q\u00eb duhet t\u00eb marr\u00eb mb\u00ebshtetje politike p\u00ebr t\u00eb pasur nj\u00eb vendim n\u00eb tetor. Nuk mund t\u00eb komentoj mbi motivet apo llogarite e \u00e7far\u00ebdo lideri. Situata e minoritetit grek n\u00eb vend \u00ebsht\u00eb publike dhe e shum\u00eb e qart\u00eb\u201d, tha ministri.<\/p>","protected":false},"excerpt":{"rendered":"<p>Ministri p\u00ebr Europ\u00ebn dhe Pun\u00ebt e Jashtme Gent Cakaj \u00ebsht\u00eb thirrur sot n\u00eb nj\u00eb seanc\u00eb d\u00ebgjimore n\u00eb Komisionin Parlamentar t\u00eb Integrimit. Gjat\u00eb fjal\u00ebs s\u00eb tij Cakaj tha se q\u00eb prej shtatorit t\u00eb vitit t\u00eb kaluar ka nisur procesi \u2018Sceering\u2019. \u201cK\u00ebshilli Europian ka k\u00ebrkuar vazhdimin e vetingut, ngritjen e SPAK e BKH dhe rritjen e luft\u00ebs [&hellip;]<\/p>\n","protected":false},"author":2013,"featured_media":60665,"comment_status":"open","ping_status":"closed","sticky":false,"template":"","format":"standard","meta":{"footnotes":""},"categories":[241,235],"tags":[],"class_list":{"0":"post-107349","1":"post","2":"type-post","3":"status-publish","4":"format-standard","5":"has-post-thumbnail","7":"category-aktualitet","8":"category-vendi"},"_links":{"self":[{"href":"https:\/\/zjarr.tv\/en\/wp-json\/wp\/v2\/posts\/107349","targetHints":{"allow":["GET"]}}],"collection":[{"href":"https:\/\/zjarr.tv\/en\/wp-json\/wp\/v2\/posts"}],"about":[{"href":"https:\/\/zjarr.tv\/en\/wp-json\/wp\/v2\/types\/post"}],"author":[{"embeddable":true,"href":"https:\/\/zjarr.tv\/en\/wp-json\/wp\/v2\/users\/2013"}],"replies":[{"embeddable":true,"href":"https:\/\/zjarr.tv\/en\/wp-json\/wp\/v2\/comments?post=107349"}],"version-history":[{"count":0,"href":"https:\/\/zjarr.tv\/en\/wp-json\/wp\/v2\/posts\/107349\/revisions"}],"wp:featuredmedia":[{"embeddable":true,"href":"https:\/\/zjarr.tv\/en\/wp-json\/wp\/v2\/media\/60665"}],"wp:attachment":[{"href":"https:\/\/zjarr.tv\/en\/wp-json\/wp\/v2\/media?parent=107349"}],"wp:term":[{"taxonomy":"category","embeddable":true,"href":"https:\/\/zjarr.tv\/en\/wp-json\/wp\/v2\/categories?post=107349"},{"taxonomy":"post_tag","embeddable":true,"href":"https:\/\/zjarr.tv\/en\/wp-json\/wp\/v2\/tags?post=107349"}],"curies":[{"name":"wp","href":"https:\/\/api.w.org\/{rel}","templated":true}]}}