{"id":107358,"date":"2019-09-17T14:19:48","date_gmt":"2019-09-17T12:19:48","guid":{"rendered":"https:\/\/zjarr.tv\/?p=107358"},"modified":"2019-09-17T14:19:48","modified_gmt":"2019-09-17T12:19:48","slug":"besa-shahini-shenon-gafen-me-spektakolare","status":"publish","type":"post","link":"https:\/\/zjarr.tv\/en\/besa-shahini-shenon-gafen-me-spektakolare\/","title":{"rendered":"Besa Shahini sh\u00ebnon gaf\u00ebn m\u00eb spektakolare"},"content":{"rendered":"<p>Ministrja e Arsimit, Besa Shahini, ka dal\u00eb sot n\u00eb nj\u00eb konferenc\u00eb p\u00ebr shtyp, p\u00ebr t\u00eb renditur nj\u00eb s\u00ebr\u00eb suksesesh, q\u00eb qeveria pretendon se ka arritur n\u00eb fush\u00ebn e arsimit. Por, gjat\u00eb k\u00ebsaj konference, ministrja b\u00ebri nj\u00eb gaf\u00eb spektakolare dhe tej mase t\u00eb sinqert\u00eb.<\/p>\n<p>N\u00eb nj\u00eb p\u00ebrpjekje p\u00ebr t\u00eb justifikuar munges\u00ebn e investimeve n\u00eb shkollat e zonave rurale, Shahini tha se qeveria nuk mund t\u00eb tregohet e pap\u00ebrgjegjshme dhe t\u00eb shpenzoj\u00eb para, p\u00ebr shkolla q\u00eb kan\u00eb shum\u00eb pak nx\u00ebn\u00ebs dhe q\u00eb n\u00eb t\u00eb ardhmen, mund t\u00eb mbeten edhe t\u00eb boshatisura.<\/p>\n<p>\u201cPash\u00eb n\u00eb rrjetet sociale edhe fotografi t\u00eb disa shkollave, t\u00eb amortizuara, n\u00eb zona t\u00eb thella rurale, si shembuj t\u00eb munges\u00ebs s\u00eb investimeve n\u00eb shkolla. Dua t\u00eb theksoj, se ato shkolla, kan\u00eb nga 15, 10, apo 7 nx\u00ebn\u00ebs n\u00eb total, nj\u00eb r\u00ebnie t\u00eb vazhdueshme t\u00eb nx\u00ebn\u00ebsve dhe do t\u00eb ishte pap\u00ebrgjegj\u00ebsi shum\u00eb e madhe financiare nga ana jon\u00eb, q\u00eb t\u00eb investojm\u00eb n\u00eb shkolla q\u00eb s\u00eb shpejti nuk do t\u00eb ken\u00eb asnj\u00eb nx\u00ebn\u00ebs\u201c, u shpreh Shahini, mjaft e sigurt\u00eb n\u00eb at\u00eb q\u00eb po lexonte, pavar\u00ebsisht viroz\u00ebs s\u00eb stin\u00ebs, q\u00eb ia v\u00ebshtir\u00ebsonte komunikimin.<\/p>\n<p>Por, zonj\u00ebs ministre, duket se nuk i ka kaluar asnj\u00ebher\u00eb n\u00ebp\u00ebr mend, se nj\u00eb nga arsyet p\u00ebrse qytetar\u00ebt braktisin masivisht fshatarat dhe zonat rurale, \u00ebsht\u00eb pik\u00ebrisht fakti se nuk kan\u00eb shkolla ku t\u00eb \u00e7ojn\u00eb f\u00ebmij\u00ebt dhe sh\u00ebrbimet \u00eb tjera bazike, t\u00eb cilat shteti \u00ebsht\u00eb i detyruar t\u2019ua mund\u00ebsoj\u00eb, edhe sikur t\u00eb ket\u00eb nj\u00eb num\u00ebr t\u00eb reduktuar t\u00eb qytetar\u00ebve, q\u00eb banojn\u00eb n\u00eb k\u00ebto zona.<\/p>\n<p>Me nj\u00eb mendjeleht\u00ebsi t\u00eb llahtarshme, Shahini, praktikisht po u thot\u00eb qytetar\u00ebve t\u00eb k\u00ebtyre zonave, se duhet t\u00eb largohen urgjentisht nga vendi ku jetojn\u00eb, sepse qeveria as e ka n\u00eb plan t\u00eb investoj\u00eb, qoft\u00eb edhe n\u00eb infrastruktur\u00ebn m\u00eb bazike, q\u00eb t\u00eb mund\u00ebsoj\u00eb arsimimin e f\u00ebmij\u00ebve t\u00eb tyre. Madje, jo vet\u00ebm q\u00eb nuk e ka n\u00eb plan, por e konsideron pap\u00ebrgjegjshm\u00ebri, shpenzimin e fondeve p\u00ebr k\u00ebto shkolla, q\u00eb s\u00eb shpejti sipas saj, do t\u00eb boshatisen.<\/p>\n<p>Qeveria me sa duket, po e pret me padurim boshatisjen e k\u00ebtyre shkollave, q\u00eb sa her\u00eb t\u00eb shfaqen fotografi t\u00eb pak\u00ebndshme, t\u00eb ngjashme me zonar rurale afrikane, ministrja ta thot\u00eb me goj\u00ebn plot\u00eb, se n\u00eb fakt aty nuk ka asnj\u00eb nx\u00ebnvs, ndaj investimi \u00ebsht\u00eb i pakuptimt\u00eb.<\/p>\n<p>Pra, t\u00eb nderuar qytetar\u00eb t\u00eb zonave rurale, me shkolla t\u00eb degraduara, tashm\u00eb q\u00eb e d\u00ebgjuat ministren, n\u00ebse keni sadopak dashuri p\u00ebr f\u00ebmij\u00ebt tuaj, nuk ju mbetet rrug\u00eb tjet\u00ebr, ve\u00e7se t\u00eb filloni planet p\u00ebr t\u2019u shp\u00ebrngulur.\/TPZ<\/p>","protected":false},"excerpt":{"rendered":"<p>Ministrja e Arsimit, Besa Shahini, ka dal\u00eb sot n\u00eb nj\u00eb konferenc\u00eb p\u00ebr shtyp, p\u00ebr t\u00eb renditur nj\u00eb s\u00ebr\u00eb suksesesh, q\u00eb qeveria pretendon se ka arritur n\u00eb fush\u00ebn e arsimit. Por, gjat\u00eb k\u00ebsaj konference, ministrja b\u00ebri nj\u00eb gaf\u00eb spektakolare dhe tej mase t\u00eb sinqert\u00eb. N\u00eb nj\u00eb p\u00ebrpjekje p\u00ebr t\u00eb justifikuar munges\u00ebn e investimeve n\u00eb shkollat e [&hellip;]<\/p>\n","protected":false},"author":2013,"featured_media":107360,"comment_status":"open","ping_status":"closed","sticky":false,"template":"","format":"standard","meta":{"footnotes":""},"categories":[241,235],"tags":[],"class_list":{"0":"post-107358","1":"post","2":"type-post","3":"status-publish","4":"format-standard","5":"has-post-thumbnail","7":"category-aktualitet","8":"category-vendi"},"_links":{"self":[{"href":"https:\/\/zjarr.tv\/en\/wp-json\/wp\/v2\/posts\/107358","targetHints":{"allow":["GET"]}}],"collection":[{"href":"https:\/\/zjarr.tv\/en\/wp-json\/wp\/v2\/posts"}],"about":[{"href":"https:\/\/zjarr.tv\/en\/wp-json\/wp\/v2\/types\/post"}],"author":[{"embeddable":true,"href":"https:\/\/zjarr.tv\/en\/wp-json\/wp\/v2\/users\/2013"}],"replies":[{"embeddable":true,"href":"https:\/\/zjarr.tv\/en\/wp-json\/wp\/v2\/comments?post=107358"}],"version-history":[{"count":0,"href":"https:\/\/zjarr.tv\/en\/wp-json\/wp\/v2\/posts\/107358\/revisions"}],"wp:featuredmedia":[{"embeddable":true,"href":"https:\/\/zjarr.tv\/en\/wp-json\/wp\/v2\/media\/107360"}],"wp:attachment":[{"href":"https:\/\/zjarr.tv\/en\/wp-json\/wp\/v2\/media?parent=107358"}],"wp:term":[{"taxonomy":"category","embeddable":true,"href":"https:\/\/zjarr.tv\/en\/wp-json\/wp\/v2\/categories?post=107358"},{"taxonomy":"post_tag","embeddable":true,"href":"https:\/\/zjarr.tv\/en\/wp-json\/wp\/v2\/tags?post=107358"}],"curies":[{"name":"wp","href":"https:\/\/api.w.org\/{rel}","templated":true}]}}