{"id":107365,"date":"2019-09-17T15:17:49","date_gmt":"2019-09-17T13:17:49","guid":{"rendered":"https:\/\/zjarr.tv\/?p=107365"},"modified":"2019-09-17T15:17:49","modified_gmt":"2019-09-17T13:17:49","slug":"presidenti-i-keshillit-te-europes-mberrin-ne-tirane-nis-takimin-me-ramen","status":"publish","type":"post","link":"https:\/\/zjarr.tv\/en\/presidenti-i-keshillit-te-europes-mberrin-ne-tirane-nis-takimin-me-ramen\/","title":{"rendered":"Presidenti i K\u00ebshillit t\u00eb Europ\u00ebs mb\u00ebrrin n\u00eb Tiran\u00eb, nis takimin me Ram\u00ebn"},"content":{"rendered":"<p>Presidenti i K\u00ebshillit Europian Tusk ka mb\u00ebrritur n\u00eb Tiran\u00eb. Ai do t\u00eb takoj\u00eb kryeministrin Edi Rama n\u00eb or\u00ebn 15.00.<\/p>\n<div id=\"sovrn\" class=\"desktop_ad ad_bottom_space\"><ins><\/p>\n<div id=\"beacon_5eae23875f\"><\/div>\n<p><\/ins><\/div>\n<p>Presidenti i K\u00ebshillit t\u00eb Europ\u00ebs Donald Tusk, vjen sot n\u00eb Tiran\u00eb, n\u00eb koh\u00ebn kur BE duhet t\u00eb marr\u00eb nj\u00eb vendim p\u00ebr Shqip\u00ebrin\u00eb p\u00ebr negociatat. Zyrtari i lart\u00eb i BE do t\u00eb pritet n\u00eb or\u00ebn 15:00 nga kryeministri Edi Rama, nd\u00ebrsa do t\u00eb ket\u00eb dhe takime me aktor\u00ebt politik\u00eb kryesor n\u00eb vend.<\/p>\n<div id=\"pa_1x1_psbk_1568726227932\"><\/div>\n<p>Pas takimit me kryeministrin, kreu i KiE do t\u00eb mbaj\u00eb edhe nj\u00eb konferenc\u00eb p\u00ebr mediat n\u00eb or\u00ebn 15:35. Vizita e kreut t\u00eb KE n\u00eb Tiran\u00eb vjen vet\u00ebm nj\u00eb muaj para vendimit t\u00eb K\u00ebshillit Evropian p\u00ebr \u00e7eljen ose jo t\u00eb negociatave t\u00eb Shqip\u00ebris\u00eb me Bashkimin Evropian. Pas Shqip\u00ebris\u00eb, Donald Tusk do t\u00eb vizitoj\u00eb edhe Maqedonin\u00eb e Veriut, ku pritet t\u00eb zhvilloj\u00eb takime me krer\u00ebt e politik\u00ebs fqinje n\u00eb Shkup.<\/p>\n<p>Paraditen e sotme Tusk do t\u00eb jet\u00eb n\u00eb Maqedonin\u00eb e Veriut me t\u00eb nj\u00ebjt\u00ebn axhend\u00eb. N\u00eb 18 tetor, Shqip\u00ebria dhe Maqedonia e Veriut presin p\u00ebrgjigje p\u00ebrfundimtare nga Europa e Bashkuar p\u00ebr negociatat me BE-n\u00eb.<\/p>","protected":false},"excerpt":{"rendered":"<p>Presidenti i K\u00ebshillit Europian Tusk ka mb\u00ebrritur n\u00eb Tiran\u00eb. Ai do t\u00eb takoj\u00eb kryeministrin Edi Rama n\u00eb or\u00ebn 15.00. Presidenti i K\u00ebshillit t\u00eb Europ\u00ebs Donald Tusk, vjen sot n\u00eb Tiran\u00eb, n\u00eb koh\u00ebn kur BE duhet t\u00eb marr\u00eb nj\u00eb vendim p\u00ebr Shqip\u00ebrin\u00eb p\u00ebr negociatat. Zyrtari i lart\u00eb i BE do t\u00eb pritet n\u00eb or\u00ebn 15:00 nga [&hellip;]<\/p>\n","protected":false},"author":2013,"featured_media":89567,"comment_status":"open","ping_status":"closed","sticky":false,"template":"","format":"standard","meta":{"footnotes":""},"categories":[241,235],"tags":[],"class_list":{"0":"post-107365","1":"post","2":"type-post","3":"status-publish","4":"format-standard","5":"has-post-thumbnail","7":"category-aktualitet","8":"category-vendi"},"_links":{"self":[{"href":"https:\/\/zjarr.tv\/en\/wp-json\/wp\/v2\/posts\/107365","targetHints":{"allow":["GET"]}}],"collection":[{"href":"https:\/\/zjarr.tv\/en\/wp-json\/wp\/v2\/posts"}],"about":[{"href":"https:\/\/zjarr.tv\/en\/wp-json\/wp\/v2\/types\/post"}],"author":[{"embeddable":true,"href":"https:\/\/zjarr.tv\/en\/wp-json\/wp\/v2\/users\/2013"}],"replies":[{"embeddable":true,"href":"https:\/\/zjarr.tv\/en\/wp-json\/wp\/v2\/comments?post=107365"}],"version-history":[{"count":0,"href":"https:\/\/zjarr.tv\/en\/wp-json\/wp\/v2\/posts\/107365\/revisions"}],"wp:featuredmedia":[{"embeddable":true,"href":"https:\/\/zjarr.tv\/en\/wp-json\/wp\/v2\/media\/89567"}],"wp:attachment":[{"href":"https:\/\/zjarr.tv\/en\/wp-json\/wp\/v2\/media?parent=107365"}],"wp:term":[{"taxonomy":"category","embeddable":true,"href":"https:\/\/zjarr.tv\/en\/wp-json\/wp\/v2\/categories?post=107365"},{"taxonomy":"post_tag","embeddable":true,"href":"https:\/\/zjarr.tv\/en\/wp-json\/wp\/v2\/tags?post=107365"}],"curies":[{"name":"wp","href":"https:\/\/api.w.org\/{rel}","templated":true}]}}