{"id":107368,"date":"2019-09-17T15:16:34","date_gmt":"2019-09-17T13:16:34","guid":{"rendered":"https:\/\/zjarr.tv\/?p=107368"},"modified":"2019-09-17T15:16:34","modified_gmt":"2019-09-17T13:16:34","slug":"rama-fton-studentet-qe-te-behen-spiune-te-pedagogeve-ja-shperblimi","status":"publish","type":"post","link":"https:\/\/zjarr.tv\/en\/rama-fton-studentet-qe-te-behen-spiune-te-pedagogeve-ja-shperblimi\/","title":{"rendered":"Rama fton student\u00ebt q\u00eb t\u00eb b\u00ebhen spiun\u00eb t\u00eb pedagog\u00ebve, ja shp\u00ebrblimi!"},"content":{"rendered":"<div class=\"readmore-text-here\">\n<p>P\u00ebr t\u00eb luftuar korrupsioni n\u00eb \u00e7do institucion t\u00eb vendit duke p\u00ebrfshir\u00eb edhe sistemin arsimor ekzistojn\u00eb struktura t\u00eb posa\u00e7me t\u00eb shtetit si\u00e7 jan\u00eb policia, prokuroria apo zyrat e auditimit n\u00eb ministrin\u00eb e Arsimit. Por duke e ditur d\u00ebshtimin ndaj luft\u00ebs kund\u00ebr korrupsionit n\u00eb t\u00eb gjith\u00eb nivelet (I v\u00ebn\u00eb edhe si kusht i fort\u00eb p\u00ebr hapjen e negociatave), Edi Rama, sot ka prezantuar \u201cfilmin\u201d e radh\u00ebs propagandistik.<\/p>\n<div id=\"rekl-28\"><\/div>\n<p>N\u00ebp\u00ebrmjet nj\u00eb postimi n\u00eb T\u00ebitter, ai ka njoftuar nisjen e nj\u00eb fushate kund\u00ebr korrupsionit n\u00eb universitete, por m\u00ebnyra q\u00eb ka zgjedhur p\u00ebr t\u00eb b\u00ebr\u00eb k\u00ebt\u00eb \u00ebsht\u00eb sa qesharake aq dhe e turpshme edhe anti-ligjore.<\/p>\n<div id=\"rekl-13\">\n<div id=\"__sap-ad-15\" class=\"__sap-ads __sap-html tracked\" data-title=\"Credins desktop 08\"><ins><\/p>\n<div id=\"beacon_7c03bd6019\"><\/div>\n<p><\/ins><\/div>\n<\/div>\n<p>Kryeministri i vendit fton student\u00ebt q\u00eb t\u00eb spiunojn\u00eb pedagog\u00ebt dhe drejtuesit e universiteteve dhe n\u00ebse e b\u00ebjn\u00eb k\u00ebt\u00eb, sipas Ram\u00ebs do t\u00eb shp\u00ebrblehet me mos pages\u00ebn e tarifave dhe fitojn\u00eb nj\u00eb vit burs\u00eb!<\/p>\n<p>\u201ckoha p\u00ebr nj\u00eb p\u00ebrshkall\u00ebzim t\u00eb ri kund\u00ebr korrupsionit! Po punojm\u00eb p\u00ebr nj\u00eb program nxitjeje kund\u00ebr heshtjes dhe denoncimit me prov\u00eb abuzuesit. Nj\u00eb ide n\u00eb diskutim \u00ebsht\u00eb:\u00c7do student denoncues q\u00eb sjell prov\u00eb p\u00ebr presion korruptiv nga kushdoqoft\u00eb,zeron tarif\u00ebn e merr burs\u00eb nj\u00ebvje\u00e7are!\u201d, shkruan sot Rama.<\/p>\n<p>Deshtimi p\u00ebr t\u00eb luftuar korrupsionin q\u00eb e ka instaluar vet\u00eb duket se si p\u00ebr shum\u00eb gj\u00ebra t\u00eb tjera po e \u00e7on tek metodadat e diktaur\u00ebs.<\/p>\n<p>&nbsp;<\/p>\n<\/div>\n<div id=\"rekl-33\"><\/div>","protected":false},"excerpt":{"rendered":"<p>P\u00ebr t\u00eb luftuar korrupsioni n\u00eb \u00e7do institucion t\u00eb vendit duke p\u00ebrfshir\u00eb edhe sistemin arsimor ekzistojn\u00eb struktura t\u00eb posa\u00e7me t\u00eb shtetit si\u00e7 jan\u00eb policia, prokuroria apo zyrat e auditimit n\u00eb ministrin\u00eb e Arsimit. Por duke e ditur d\u00ebshtimin ndaj luft\u00ebs kund\u00ebr korrupsionit n\u00eb t\u00eb gjith\u00eb nivelet (I v\u00ebn\u00eb edhe si kusht i fort\u00eb p\u00ebr hapjen e [&hellip;]<\/p>\n","protected":false},"author":2013,"featured_media":107369,"comment_status":"open","ping_status":"closed","sticky":false,"template":"","format":"standard","meta":{"footnotes":""},"categories":[241,235],"tags":[],"class_list":{"0":"post-107368","1":"post","2":"type-post","3":"status-publish","4":"format-standard","5":"has-post-thumbnail","7":"category-aktualitet","8":"category-vendi"},"_links":{"self":[{"href":"https:\/\/zjarr.tv\/en\/wp-json\/wp\/v2\/posts\/107368","targetHints":{"allow":["GET"]}}],"collection":[{"href":"https:\/\/zjarr.tv\/en\/wp-json\/wp\/v2\/posts"}],"about":[{"href":"https:\/\/zjarr.tv\/en\/wp-json\/wp\/v2\/types\/post"}],"author":[{"embeddable":true,"href":"https:\/\/zjarr.tv\/en\/wp-json\/wp\/v2\/users\/2013"}],"replies":[{"embeddable":true,"href":"https:\/\/zjarr.tv\/en\/wp-json\/wp\/v2\/comments?post=107368"}],"version-history":[{"count":0,"href":"https:\/\/zjarr.tv\/en\/wp-json\/wp\/v2\/posts\/107368\/revisions"}],"wp:featuredmedia":[{"embeddable":true,"href":"https:\/\/zjarr.tv\/en\/wp-json\/wp\/v2\/media\/107369"}],"wp:attachment":[{"href":"https:\/\/zjarr.tv\/en\/wp-json\/wp\/v2\/media?parent=107368"}],"wp:term":[{"taxonomy":"category","embeddable":true,"href":"https:\/\/zjarr.tv\/en\/wp-json\/wp\/v2\/categories?post=107368"},{"taxonomy":"post_tag","embeddable":true,"href":"https:\/\/zjarr.tv\/en\/wp-json\/wp\/v2\/tags?post=107368"}],"curies":[{"name":"wp","href":"https:\/\/api.w.org\/{rel}","templated":true}]}}